{"id":1626,"date":"2015-04-06T10:54:10","date_gmt":"2015-04-06T09:54:10","guid":{"rendered":"http:\/\/www.mj2artesanos.es\/blog\/?p=1626"},"modified":"2025-09-29T08:18:57","modified_gmt":"2025-09-29T07:18:57","slug":"pakal-un-astronauta-entre-los-mayas","status":"publish","type":"post","link":"https:\/\/www.mj2artesanos.es\/blog\/en\/pakal-un-astronauta-entre-los-mayas\/","title":{"rendered":"Pakal, an astronaut among the Mayan?"},"content":{"rendered":"<p class=\"qtranxs-available-languages-message qtranxs-available-languages-message-en\">Sorry, this entry is only available in <a href=\"https:\/\/www.mj2artesanos.es\/blog\/es\/wp-json\/wp\/v2\/posts\/1626\" class=\"qtranxs-available-language-link qtranxs-available-language-link-es\" title=\"Espa\u00f1ol\">Espa\u00f1ol<\/a>.<\/p><p>o<\/p>\n<div class=\"disponible\"><\/div>\n<p>La losa funeraria de Pakal &#8220;el Grande&#8221;, descubierta por el arque\u00f3logo\u00a0Alberto Ruz Lhuillier en 1952, se hizo famosa entre los seguidores de la teor\u00eda de los &#8220;Antiguos astronautas&#8221;, a partir de que\u00a0Alexander Kazantsev\u00a0y\u00a0Erich von D\u00e4niken, identificaran el bajo relieve como la imagen de un astronauta pilotando una nave.<\/p>\n<p><a href=\"http:\/\/www.mj2artesanos.es\/blog\/wp-content\/uploads\/2015\/04\/EVD-Bild-277.0002.jpg\"><img loading=\"lazy\" decoding=\"async\" class=\"aligncenter size-full wp-image-1636\" src=\"http:\/\/www.mj2artesanos.es\/blog\/wp-content\/uploads\/2015\/04\/EVD-Bild-277.0002.jpg\" alt=\"EVD-Bild 277.0002\" width=\"327\" height=\"550\" srcset=\"https:\/\/www.mj2artesanos.es\/blog\/wp-content\/uploads\/2015\/04\/EVD-Bild-277.0002.jpg 327w, https:\/\/www.mj2artesanos.es\/blog\/wp-content\/uploads\/2015\/04\/EVD-Bild-277.0002-178x300.jpg 178w\" sizes=\"auto, (max-width: 327px) 100vw, 327px\" \/><\/a>K&#8217;inich Janaab&#8217; Pakal gobern\u00f3 el se\u00f1or\u00edo maya de\u00a0B&#8217;aakal (<a title=\"Palenque (zona arqueol\u00f3gica)\" href=\"http:\/\/es.wikipedia.org\/wiki\/Palenque_(zona_arqueol%C3%B3gica)\">zona arqueol\u00f3gica de Palenque<\/a>) entre 615 y 683 d.C. y\u00a0se caracteriz\u00f3 por haber impulsado el crecimiento de la obra arquitect\u00f3nica de Palenque y por haber iniciado los <a title=\"Escritura maya\" href=\"http:\/\/es.wikipedia.org\/wiki\/Escritura_maya\">registros jerogl\u00edficos<\/a> de su historia din\u00e1stica.<\/p>\n<p>Entre las construcciones que se levantaron bajo su gobierno, se encuentra el templo de las Inscripciones que m\u00e1s tarde ser\u00eda su mausoleo.<\/p>\n<figure id=\"attachment_1633\" aria-describedby=\"caption-attachment-1633\" style=\"width: 300px\" class=\"wp-caption alignleft\"><a href=\"http:\/\/www.mj2artesanos.es\/blog\/wp-content\/uploads\/2015\/04\/800px-Ajuar_funerario_de_Pakal_el_Grande_Museo_Nacional_de_Antropolog\u00eda.jpg\"><img loading=\"lazy\" decoding=\"async\" class=\"wp-image-1633 size-medium\" title=\"Ajuar funerario de Pakal el Grande (Museo Nacional de Antropolog\u00eda)\" src=\"http:\/\/www.mj2artesanos.es\/blog\/wp-content\/uploads\/2015\/04\/800px-Ajuar_funerario_de_Pakal_el_Grande_Museo_Nacional_de_Antropolog\u00eda-300x225.jpg\" alt=\"http:\/\/commons.wikimedia.org\/wiki\/File:Ajuar_funerario_de_Pakal_el_Grande_(Museo_Nacional_de_Antropolog%C3%ADa).JPG\" width=\"300\" height=\"225\" srcset=\"https:\/\/www.mj2artesanos.es\/blog\/wp-content\/uploads\/2015\/04\/800px-Ajuar_funerario_de_Pakal_el_Grande_Museo_Nacional_de_Antropolog\u00eda-300x225.jpg 300w, https:\/\/www.mj2artesanos.es\/blog\/wp-content\/uploads\/2015\/04\/800px-Ajuar_funerario_de_Pakal_el_Grande_Museo_Nacional_de_Antropolog\u00eda-400x300.jpg 400w, https:\/\/www.mj2artesanos.es\/blog\/wp-content\/uploads\/2015\/04\/800px-Ajuar_funerario_de_Pakal_el_Grande_Museo_Nacional_de_Antropolog\u00eda-160x120.jpg 160w, https:\/\/www.mj2artesanos.es\/blog\/wp-content\/uploads\/2015\/04\/800px-Ajuar_funerario_de_Pakal_el_Grande_Museo_Nacional_de_Antropolog\u00eda.jpg 800w\" sizes=\"auto, (max-width: 300px) 100vw, 300px\" \/><\/a><figcaption id=\"caption-attachment-1633\" class=\"wp-caption-text\">http:\/\/commons.wikimedia.org\/<\/figcaption><\/figure>\n<p>La l\u00e1pida es monol\u00edtica con medidas aproximadas de 3.80 m de longitud, 2.20 m de ancho y 0.25 m de espesor. En sus cantos se encuentran tallados jerogl\u00edficos mayas que narran la biograf\u00eda de Pakal. En su cara principal se representa al gobernante como un hombre joven y axis mundi, con la postura de un reci\u00e9n nacido que parece emerger de las fauces del Sak B&#8217;aak Naah Chapaat o Primer Ciempi\u00e9s de los Huesos Blancos quien tiene su mand\u00edbula descarnada y en la parte superior del mascar\u00f3n un recipiente utilizado en los sacrificios de sangre.<\/p>\n<figure id=\"attachment_1634\" aria-describedby=\"caption-attachment-1634\" style=\"width: 225px\" class=\"wp-caption alignright\"><a href=\"http:\/\/www.mj2artesanos.es\/blog\/wp-content\/uploads\/2015\/04\/pakal-6.jpg\"><img loading=\"lazy\" decoding=\"async\" class=\"wp-image-1634 size-medium\" src=\"http:\/\/www.mj2artesanos.es\/blog\/wp-content\/uploads\/2015\/04\/pakal-6-225x300.jpg\" alt=\"http:\/\/granmisterioforo.org\/index.php?topic=104.0\" width=\"225\" height=\"300\" srcset=\"https:\/\/www.mj2artesanos.es\/blog\/wp-content\/uploads\/2015\/04\/pakal-6-225x300.jpg 225w, https:\/\/www.mj2artesanos.es\/blog\/wp-content\/uploads\/2015\/04\/pakal-6.jpg 480w\" sizes=\"auto, (max-width: 225px) 100vw, 225px\" \/><\/a><figcaption id=\"caption-attachment-1634\" class=\"wp-caption-text\">http:\/\/granmisterioforo.org\/index.php?topic=104.0<\/figcaption><\/figure>\n<p>Seg\u00fan la teor\u00eda de los antiguos astronautas (sin rigor cient\u00edfico) la inscripci\u00f3n representa a un hombre pilotando una nave espacial, ya que se observan ciertas caracter\u00edsticas como el &#8220;aparato&#8221; que tiene en la nariz, similar a un micr\u00f3fono o a un respirador, la posici\u00f3n de manos y pies que parecen accionar palancas y pedales, el pelo &#8220;ingr\u00e1vido&#8221;, y una especie de llamas que parecen propulsar el cohete. \u00c9sto dar\u00eda pistas sobre el contacto de los antiguos mayas con seres de otro mundo que les brindaron esos conocimientos.<\/p>\n<p>En esta imagen vemos una representaci\u00f3n tridimensional de esta hip\u00f3tesis.<\/p>\n<p>En realidad se trata de una representaci\u00f3n simb\u00f3lica de la visi\u00f3n c\u00f3smica y existencial de los mayas, en la que se describen tres niveles, el superior o celeste, el intermedio o terrestre y el subterr\u00e1neo o inframundo.<\/p>\n<p>Dorsinfang-Smets en su obra de 1964 L&#8217;Amerique pr\u00e9colombienne dice:<\/p>\n<p><a href=\"http:\/\/www.mj2artesanos.es\/blog\/wp-content\/uploads\/2015\/04\/Pacal2.jpg\"><img loading=\"lazy\" decoding=\"async\" class=\"alignleft size-medium wp-image-1631\" src=\"http:\/\/www.mj2artesanos.es\/blog\/wp-content\/uploads\/2015\/04\/Pacal2-179x300.jpg\" alt=\"Pacal2\" width=\"179\" height=\"300\" srcset=\"https:\/\/www.mj2artesanos.es\/blog\/wp-content\/uploads\/2015\/04\/Pacal2-179x300.jpg 179w, https:\/\/www.mj2artesanos.es\/blog\/wp-content\/uploads\/2015\/04\/Pacal2-612x1024.jpg 612w, https:\/\/www.mj2artesanos.es\/blog\/wp-content\/uploads\/2015\/04\/Pacal2.jpg 775w\" sizes=\"auto, (max-width: 179px) 100vw, 179px\" \/><\/a>Un hombre con rostro grave y sereno cubierto de joyas descansa, con el torso inclinado hacia atr\u00e1s, en un altar formado por una m\u00e1scara del monstruo de la tierra. Detr\u00e1s de \u00e9l o con m\u00e1s probabilidad de su propio cuerpo, surge el arbol de vida cruciforme. Este sacrificado, con el pecho abierto del que sale bien un s\u00edmbolo cruciforme, bien un inmenso grano de ma\u00edz que germina, lo encontramos en los manuscritos y en las estelas. Tenemos tambi\u00e9n en este caso la evocaci\u00f3n del credo habitual: la v\u00edctima da su vida para que exista la vida. En los brazos de la cruz ondulan dos cabezas y de sus mand\u00edbulas salen figuras mitol\u00f3gicas. Y coronando el conjunto, el quetzal.<\/p>\n<p>En el mismo recinto de Palenque hay otras representaciones similares del \u00e1rbol de la vida, el altar y el quetzal.<\/p>\n<p>Dentro este <a href=\"http:\/\/www.mayadiscovery.com\/ing\/archaeology\/palenque\/tomb\/pakal.html\">interesante enlace<\/a> pod\u00e9is ver una explicaci\u00f3n de cada uno de los s\u00edmbolos representados.<\/p>\n<p>En cualquier caso, iconograf\u00eda m\u00edtica o prueba de un pasado junto a extraterrestres, nos parece una pieza digna de reproducir, as\u00ed que aqu\u00ed ten\u00e9is nuestra versi\u00f3n.<\/p>\n<p><a href=\"http:\/\/www.mj2artesanos.es\/blog\/wp-content\/uploads\/2015\/04\/pn5-Large.jpg\"><img loading=\"lazy\" decoding=\"async\" class=\"aligncenter size-large wp-image-1629\" src=\"http:\/\/www.mj2artesanos.es\/blog\/wp-content\/uploads\/2015\/04\/pn5-Large-685x1024.jpg\" alt=\"pn5 (Large)\" width=\"584\" height=\"873\" srcset=\"https:\/\/www.mj2artesanos.es\/blog\/wp-content\/uploads\/2015\/04\/pn5-Large-685x1024.jpg 685w, https:\/\/www.mj2artesanos.es\/blog\/wp-content\/uploads\/2015\/04\/pn5-Large-200x300.jpg 200w, https:\/\/www.mj2artesanos.es\/blog\/wp-content\/uploads\/2015\/04\/pn5-Large.jpg 723w\" sizes=\"auto, (max-width: 584px) 100vw, 584px\" \/><\/a><\/p>\n<p><a href=\"http:\/\/www.mj2artesanos.es\/blog\/wp-content\/uploads\/2015\/04\/pn2-Large.jpg\"><img loading=\"lazy\" decoding=\"async\" class=\"aligncenter size-large wp-image-1627\" src=\"http:\/\/www.mj2artesanos.es\/blog\/wp-content\/uploads\/2015\/04\/pn2-Large-1024x685.jpg\" alt=\"pn2 (Large)\" width=\"584\" height=\"390\" srcset=\"https:\/\/www.mj2artesanos.es\/blog\/wp-content\/uploads\/2015\/04\/pn2-Large-1024x685.jpg 1024w, https:\/\/www.mj2artesanos.es\/blog\/wp-content\/uploads\/2015\/04\/pn2-Large-300x200.jpg 300w, https:\/\/www.mj2artesanos.es\/blog\/wp-content\/uploads\/2015\/04\/pn2-Large-448x300.jpg 448w, https:\/\/www.mj2artesanos.es\/blog\/wp-content\/uploads\/2015\/04\/pn2-Large-120x80.jpg 120w, https:\/\/www.mj2artesanos.es\/blog\/wp-content\/uploads\/2015\/04\/pn2-Large.jpg 1613w\" sizes=\"auto, (max-width: 584px) 100vw, 584px\" \/><\/a><\/p>\n<p><a href=\"http:\/\/www.mj2artesanos.es\/blog\/wp-content\/uploads\/2015\/04\/pn4-Large.jpg\"><img loading=\"lazy\" decoding=\"async\" class=\"aligncenter size-large wp-image-1628\" src=\"http:\/\/www.mj2artesanos.es\/blog\/wp-content\/uploads\/2015\/04\/pn4-Large-1024x685.jpg\" alt=\"pn4 (Large)\" width=\"584\" height=\"390\" srcset=\"https:\/\/www.mj2artesanos.es\/blog\/wp-content\/uploads\/2015\/04\/pn4-Large-1024x685.jpg 1024w, https:\/\/www.mj2artesanos.es\/blog\/wp-content\/uploads\/2015\/04\/pn4-Large-300x200.jpg 300w, https:\/\/www.mj2artesanos.es\/blog\/wp-content\/uploads\/2015\/04\/pn4-Large-448x300.jpg 448w, https:\/\/www.mj2artesanos.es\/blog\/wp-content\/uploads\/2015\/04\/pn4-Large-120x80.jpg 120w, https:\/\/www.mj2artesanos.es\/blog\/wp-content\/uploads\/2015\/04\/pn4-Large.jpg 1613w\" sizes=\"auto, (max-width: 584px) 100vw, 584px\" \/><\/a><\/p>\n<p><a href=\"http:\/\/www.mj2artesanos.es\/blog\/wp-content\/uploads\/2015\/04\/pn6-Large.jpg\"><img loading=\"lazy\" decoding=\"async\" class=\"aligncenter size-large wp-image-1630\" src=\"http:\/\/www.mj2artesanos.es\/blog\/wp-content\/uploads\/2015\/04\/pn6-Large-1024x685.jpg\" alt=\"pn6 (Large)\" width=\"584\" height=\"390\" srcset=\"https:\/\/www.mj2artesanos.es\/blog\/wp-content\/uploads\/2015\/04\/pn6-Large-1024x685.jpg 1024w, https:\/\/www.mj2artesanos.es\/blog\/wp-content\/uploads\/2015\/04\/pn6-Large-300x200.jpg 300w, https:\/\/www.mj2artesanos.es\/blog\/wp-content\/uploads\/2015\/04\/pn6-Large-448x300.jpg 448w, https:\/\/www.mj2artesanos.es\/blog\/wp-content\/uploads\/2015\/04\/pn6-Large-120x80.jpg 120w, https:\/\/www.mj2artesanos.es\/blog\/wp-content\/uploads\/2015\/04\/pn6-Large.jpg 1613w\" sizes=\"auto, (max-width: 584px) 100vw, 584px\" \/><\/a><\/p>\n<p>Est\u00e1 realizada en resina de poliuretano, pintada y envejecida a mano. (Y por tanto, el color puede variar de una a otra, aunque la esencia sea la misma).<\/p>\n<p>Sus medidas son 22 x 38 cm y aproximadamente 8mm\u00a0de grosor. El peso aproximado es de 900 gr, y se suministra con un c\u00e1ncamo para colgar.<\/p>\n<p>Pod\u00e9is encontrarlo en nuestra <a href=\"http:\/\/www.mj2artesanos.es\/es\/home\/85-losa-funeraria-de-pakal.html\" target=\"_blank\" rel=\"noopener\">tienda<\/a>.<\/p>\n<p>Y esta imagen&#8230;por que me ha gustado \ud83d\ude09<\/p>\n<figure id=\"attachment_1635\" aria-describedby=\"caption-attachment-1635\" style=\"width: 500px\" class=\"wp-caption aligncenter\"><a href=\"http:\/\/www.mj2artesanos.es\/blog\/wp-content\/uploads\/2015\/04\/tumblr_max8721Cpx1qbud6lo1_500.jpg\"><img loading=\"lazy\" decoding=\"async\" class=\"size-full wp-image-1635\" src=\"http:\/\/www.mj2artesanos.es\/blog\/wp-content\/uploads\/2015\/04\/tumblr_max8721Cpx1qbud6lo1_500.jpg\" alt=\"http:\/\/granmisterioforo.org\/index.php?topic=104.0\" width=\"500\" height=\"500\" srcset=\"https:\/\/www.mj2artesanos.es\/blog\/wp-content\/uploads\/2015\/04\/tumblr_max8721Cpx1qbud6lo1_500.jpg 500w, https:\/\/www.mj2artesanos.es\/blog\/wp-content\/uploads\/2015\/04\/tumblr_max8721Cpx1qbud6lo1_500-150x150.jpg 150w, https:\/\/www.mj2artesanos.es\/blog\/wp-content\/uploads\/2015\/04\/tumblr_max8721Cpx1qbud6lo1_500-300x300.jpg 300w\" sizes=\"auto, (max-width: 500px) 100vw, 500px\" \/><\/a><figcaption id=\"caption-attachment-1635\" class=\"wp-caption-text\">http:\/\/granmisterioforo.org\/index.php?topic=104.0<\/figcaption><\/figure>\n<p>Referencias:<\/p>\n<p>http:\/\/es.wikipedia.org\/wiki\/K%27inich_Janaab%27_Pakal#Obras_arquitect.C3.B3nicas_y_registros_hist.C3.B3ricos<\/p>\n<p>http:\/\/misteriosquenuncadebieronserlo.blogspot.com.es\/2010\/09\/el-astronauta-de-palenque.html<\/p>","protected":false},"excerpt":{"rendered":"<p class=\"qtranxs-available-languages-message qtranxs-available-languages-message-en\">Sorry, this entry is only available in <a href=\"https:\/\/www.mj2artesanos.es\/blog\/es\/wp-json\/wp\/v2\/posts\/1626\" class=\"qtranxs-available-language-link qtranxs-available-language-link-es\" title=\"Espa\u00f1ol\">Espa\u00f1ol<\/a>.<\/p>\n<p>Pakal, \u00bfun astronauta entre los Mayas?<\/p>\n","protected":false},"author":1,"featured_media":1627,"comment_status":"open","ping_status":"open","sticky":false,"template":"","format":"standard","meta":{"_crdt_document":"","advgb_blocks_editor_width":"","advgb_blocks_columns_visual_guide":"","two_page_speed":[],"footnotes":""},"categories":[122,1],"tags":[414,413,407,531,411,410,408,406,409,405,412],"class_list":["post-1626","post","type-post","status-publish","format-standard","has-post-thumbnail","hentry","category-arqueologia-e-historia","category-replicas","tag-alienigenas","tag-antiguos-astronautas","tag-astronauta-palenque","tag-destacado","tag-king-pacal","tag-king-pakal","tag-losa-pakal","tag-pacal","tag-pacal-tombstone","tag-pakal","tag-rey-pacal"],"yoast_head":"<!-- This site is optimized with the Yoast SEO plugin v27.5 - https:\/\/yoast.com\/product\/yoast-seo-wordpress\/ -->\n<title>Pakal, \u00bfUn astronauta entre los Mayas?<\/title>\n<meta name=\"description\" content=\"La losa funeraria de Pakal &quot;el Grande&quot;, descubierta por el arque\u00f3logo\u00a0Alberto Ruz Lhuillier en 1952, se hizo famosa entre los seguidores de\" \/>\n<meta name=\"robots\" content=\"index, follow, max-snippet:-1, max-image-preview:large, max-video-preview:-1\" \/>\n<link rel=\"canonical\" href=\"https:\/\/www.mj2artesanos.es\/blog\/pakal-un-astronauta-entre-los-mayas\/\" \/>\n<meta property=\"og:locale\" content=\"en_US\" \/>\n<meta property=\"og:type\" content=\"article\" \/>\n<meta property=\"og:title\" content=\"Pakal, \u00bfUn astronauta entre los Mayas?\" \/>\n<meta property=\"og:description\" content=\"La losa funeraria de Pakal &quot;el Grande&quot;, descubierta por el arque\u00f3logo\u00a0Alberto Ruz Lhuillier en 1952, se hizo famosa entre los seguidores de\" \/>\n<meta property=\"og:url\" content=\"https:\/\/www.mj2artesanos.es\/blog\/pakal-un-astronauta-entre-los-mayas\/\" \/>\n<meta property=\"og:site_name\" content=\"MJ2 Artesanos\" \/>\n<meta property=\"article:published_time\" content=\"2015-04-06T09:54:10+00:00\" \/>\n<meta property=\"article:modified_time\" content=\"2025-09-29T07:18:57+00:00\" \/>\n<meta property=\"og:image\" content=\"https:\/\/www.mj2artesanos.es\/blog\/wp-content\/uploads\/2015\/04\/pn2-Large.jpg\" \/>\n\t<meta property=\"og:image:width\" content=\"1613\" \/>\n\t<meta property=\"og:image:height\" content=\"1080\" \/>\n\t<meta property=\"og:image:type\" content=\"image\/jpeg\" \/>\n<meta name=\"author\" content=\"Mj2\" \/>\n<meta name=\"twitter:card\" content=\"summary_large_image\" \/>\n<meta name=\"twitter:label1\" content=\"Written by\" \/>\n\t<meta name=\"twitter:data1\" content=\"Mj2\" \/>\n\t<meta name=\"twitter:label2\" content=\"Est. reading time\" \/>\n\t<meta name=\"twitter:data2\" content=\"5 minutes\" \/>\n<script type=\"application\/ld+json\" class=\"yoast-schema-graph\">{\"@context\":\"https:\\\/\\\/schema.org\",\"@graph\":[{\"@type\":\"Article\",\"@id\":\"https:\\\/\\\/www.mj2artesanos.es\\\/blog\\\/pakal-un-astronauta-entre-los-mayas\\\/#article\",\"isPartOf\":{\"@id\":\"https:\\\/\\\/www.mj2artesanos.es\\\/blog\\\/pakal-un-astronauta-entre-los-mayas\\\/\"},\"author\":{\"name\":\"Mj2\",\"@id\":\"https:\\\/\\\/www.mj2artesanos.es\\\/blog\\\/#\\\/schema\\\/person\\\/d83d8b33e690d56625964d2da25dacbe\"},\"headline\":\"Pakal, an astronaut among the Mayan?\",\"datePublished\":\"2015-04-06T09:54:10+00:00\",\"dateModified\":\"2025-09-29T07:18:57+00:00\",\"mainEntityOfPage\":{\"@id\":\"https:\\\/\\\/www.mj2artesanos.es\\\/blog\\\/pakal-un-astronauta-entre-los-mayas\\\/\"},\"wordCount\":734,\"commentCount\":0,\"publisher\":{\"@id\":\"https:\\\/\\\/www.mj2artesanos.es\\\/blog\\\/#organization\"},\"image\":{\"@id\":\"https:\\\/\\\/www.mj2artesanos.es\\\/blog\\\/pakal-un-astronauta-entre-los-mayas\\\/#primaryimage\"},\"thumbnailUrl\":\"https:\\\/\\\/www.mj2artesanos.es\\\/blog\\\/wp-content\\\/uploads\\\/2015\\\/04\\\/pn2-Large.jpg\",\"keywords\":[\"alien\u00edgenas\",\"antiguos astronautas\",\"Astronauta palenque\",\"destacado\",\"king pacal\",\"king pakal\",\"Losa Pakal\",\"Pacal\",\"Pacal tombstone\",\"Pakal\",\"rey pacal\"],\"articleSection\":[\"Arqueolog\u00eda\",\"R\u00e9plicas\"],\"inLanguage\":\"en-US\",\"potentialAction\":[{\"@type\":\"CommentAction\",\"name\":\"Comment\",\"target\":[\"https:\\\/\\\/www.mj2artesanos.es\\\/blog\\\/pakal-un-astronauta-entre-los-mayas\\\/#respond\"]}]},{\"@type\":\"WebPage\",\"@id\":\"https:\\\/\\\/www.mj2artesanos.es\\\/blog\\\/pakal-un-astronauta-entre-los-mayas\\\/\",\"url\":\"https:\\\/\\\/www.mj2artesanos.es\\\/blog\\\/pakal-un-astronauta-entre-los-mayas\\\/\",\"name\":\"Pakal, \u00bfUn astronauta entre los Mayas?\",\"isPartOf\":{\"@id\":\"https:\\\/\\\/www.mj2artesanos.es\\\/blog\\\/#website\"},\"primaryImageOfPage\":{\"@id\":\"https:\\\/\\\/www.mj2artesanos.es\\\/blog\\\/pakal-un-astronauta-entre-los-mayas\\\/#primaryimage\"},\"image\":{\"@id\":\"https:\\\/\\\/www.mj2artesanos.es\\\/blog\\\/pakal-un-astronauta-entre-los-mayas\\\/#primaryimage\"},\"thumbnailUrl\":\"https:\\\/\\\/www.mj2artesanos.es\\\/blog\\\/wp-content\\\/uploads\\\/2015\\\/04\\\/pn2-Large.jpg\",\"datePublished\":\"2015-04-06T09:54:10+00:00\",\"dateModified\":\"2025-09-29T07:18:57+00:00\",\"description\":\"La losa funeraria de Pakal \\\"el Grande\\\", descubierta por el arque\u00f3logo\u00a0Alberto Ruz Lhuillier en 1952, se hizo famosa entre los seguidores de\",\"breadcrumb\":{\"@id\":\"https:\\\/\\\/www.mj2artesanos.es\\\/blog\\\/pakal-un-astronauta-entre-los-mayas\\\/#breadcrumb\"},\"inLanguage\":\"en-US\",\"potentialAction\":[{\"@type\":\"ReadAction\",\"target\":[\"https:\\\/\\\/www.mj2artesanos.es\\\/blog\\\/pakal-un-astronauta-entre-los-mayas\\\/\"]}]},{\"@type\":\"ImageObject\",\"inLanguage\":\"en-US\",\"@id\":\"https:\\\/\\\/www.mj2artesanos.es\\\/blog\\\/pakal-un-astronauta-entre-los-mayas\\\/#primaryimage\",\"url\":\"https:\\\/\\\/www.mj2artesanos.es\\\/blog\\\/wp-content\\\/uploads\\\/2015\\\/04\\\/pn2-Large.jpg\",\"contentUrl\":\"https:\\\/\\\/www.mj2artesanos.es\\\/blog\\\/wp-content\\\/uploads\\\/2015\\\/04\\\/pn2-Large.jpg\",\"width\":1613,\"height\":1080,\"caption\":\"R\u00e9plica losa Pacal, Pakal tombstone replica\"},{\"@type\":\"BreadcrumbList\",\"@id\":\"https:\\\/\\\/www.mj2artesanos.es\\\/blog\\\/pakal-un-astronauta-entre-los-mayas\\\/#breadcrumb\",\"itemListElement\":[{\"@type\":\"ListItem\",\"position\":1,\"name\":\"Portada\",\"item\":\"https:\\\/\\\/www.mj2artesanos.es\\\/blog\\\/\"},{\"@type\":\"ListItem\",\"position\":2,\"name\":\"Pakal, \u00bfun astronauta entre los mayas?\"}]},{\"@type\":\"WebSite\",\"@id\":\"https:\\\/\\\/www.mj2artesanos.es\\\/blog\\\/#website\",\"url\":\"https:\\\/\\\/www.mj2artesanos.es\\\/blog\\\/\",\"name\":\"[:es]MJ2 Artesanos[:]\",\"description\":\"R\u00e9plicas artesanales inspiradas en historia, arqueolog\u00eda y cine. Piezas hechas a mano para coleccionistas, recreaci\u00f3n y decoraci\u00f3n. Artesan\u00eda \u00fanica.\",\"publisher\":{\"@id\":\"https:\\\/\\\/www.mj2artesanos.es\\\/blog\\\/#organization\"},\"alternateName\":\"Mj2 Artesanos arte desde el taller\",\"potentialAction\":[{\"@type\":\"SearchAction\",\"target\":{\"@type\":\"EntryPoint\",\"urlTemplate\":\"https:\\\/\\\/www.mj2artesanos.es\\\/blog\\\/?s={search_term_string}\"},\"query-input\":{\"@type\":\"PropertyValueSpecification\",\"valueRequired\":true,\"valueName\":\"search_term_string\"}}],\"inLanguage\":\"en-US\"},{\"@type\":\"Organization\",\"@id\":\"https:\\\/\\\/www.mj2artesanos.es\\\/blog\\\/#organization\",\"name\":\"[:es]MJ2 Artesanos[:]\",\"alternateName\":\"Artesanos del tiempo\",\"url\":\"https:\\\/\\\/www.mj2artesanos.es\\\/blog\\\/\",\"logo\":{\"@type\":\"ImageObject\",\"inLanguage\":\"en-US\",\"@id\":\"https:\\\/\\\/www.mj2artesanos.es\\\/blog\\\/#\\\/schema\\\/logo\\\/image\\\/\",\"url\":\"https:\\\/\\\/www.mj2artesanos.es\\\/blog\\\/wp-content\\\/uploads\\\/2025\\\/05\\\/Logo-2025.png\",\"contentUrl\":\"https:\\\/\\\/www.mj2artesanos.es\\\/blog\\\/wp-content\\\/uploads\\\/2025\\\/05\\\/Logo-2025.png\",\"width\":150,\"height\":150,\"caption\":\"[:es]MJ2 Artesanos[:]\"},\"image\":{\"@id\":\"https:\\\/\\\/www.mj2artesanos.es\\\/blog\\\/#\\\/schema\\\/logo\\\/image\\\/\"}},{\"@type\":\"Person\",\"@id\":\"https:\\\/\\\/www.mj2artesanos.es\\\/blog\\\/#\\\/schema\\\/person\\\/d83d8b33e690d56625964d2da25dacbe\",\"name\":\"Mj2\",\"image\":{\"@type\":\"ImageObject\",\"inLanguage\":\"en-US\",\"@id\":\"https:\\\/\\\/secure.gravatar.com\\\/avatar\\\/9531ba13df63e2566b0071be36796c8f49b308e9397edd95b2818fa19deefeff?s=96&d=mm&r=g\",\"url\":\"https:\\\/\\\/secure.gravatar.com\\\/avatar\\\/9531ba13df63e2566b0071be36796c8f49b308e9397edd95b2818fa19deefeff?s=96&d=mm&r=g\",\"contentUrl\":\"https:\\\/\\\/secure.gravatar.com\\\/avatar\\\/9531ba13df63e2566b0071be36796c8f49b308e9397edd95b2818fa19deefeff?s=96&d=mm&r=g\",\"caption\":\"Mj2\"},\"sameAs\":[\"http:\\\/\\\/www.mj2artesanos.es\\\/tienda\"],\"url\":\"https:\\\/\\\/www.mj2artesanos.es\\\/blog\\\/en\\\/author\\\/cedito\\\/\"}]}<\/script>\n<!-- \/ Yoast SEO plugin. -->","yoast_head_json":{"title":"Pakal, \u00bfUn astronauta entre los Mayas?","description":"La losa funeraria de Pakal \"el Grande\", descubierta por el arque\u00f3logo\u00a0Alberto Ruz Lhuillier en 1952, se hizo famosa entre los seguidores de","robots":{"index":"index","follow":"follow","max-snippet":"max-snippet:-1","max-image-preview":"max-image-preview:large","max-video-preview":"max-video-preview:-1"},"canonical":"https:\/\/www.mj2artesanos.es\/blog\/pakal-un-astronauta-entre-los-mayas\/","og_locale":"en_US","og_type":"article","og_title":"Pakal, \u00bfUn astronauta entre los Mayas?","og_description":"La losa funeraria de Pakal \"el Grande\", descubierta por el arque\u00f3logo\u00a0Alberto Ruz Lhuillier en 1952, se hizo famosa entre los seguidores de","og_url":"https:\/\/www.mj2artesanos.es\/blog\/pakal-un-astronauta-entre-los-mayas\/","og_site_name":"MJ2 Artesanos","article_published_time":"2015-04-06T09:54:10+00:00","article_modified_time":"2025-09-29T07:18:57+00:00","og_image":[{"width":1613,"height":1080,"url":"https:\/\/www.mj2artesanos.es\/blog\/wp-content\/uploads\/2015\/04\/pn2-Large.jpg","type":"image\/jpeg"}],"author":"Mj2","twitter_card":"summary_large_image","twitter_misc":{"Written by":"Mj2","Est. reading time":"5 minutes"},"schema":{"@context":"https:\/\/schema.org","@graph":[{"@type":"Article","@id":"https:\/\/www.mj2artesanos.es\/blog\/pakal-un-astronauta-entre-los-mayas\/#article","isPartOf":{"@id":"https:\/\/www.mj2artesanos.es\/blog\/pakal-un-astronauta-entre-los-mayas\/"},"author":{"name":"Mj2","@id":"https:\/\/www.mj2artesanos.es\/blog\/#\/schema\/person\/d83d8b33e690d56625964d2da25dacbe"},"headline":"Pakal, an astronaut among the Mayan?","datePublished":"2015-04-06T09:54:10+00:00","dateModified":"2025-09-29T07:18:57+00:00","mainEntityOfPage":{"@id":"https:\/\/www.mj2artesanos.es\/blog\/pakal-un-astronauta-entre-los-mayas\/"},"wordCount":734,"commentCount":0,"publisher":{"@id":"https:\/\/www.mj2artesanos.es\/blog\/#organization"},"image":{"@id":"https:\/\/www.mj2artesanos.es\/blog\/pakal-un-astronauta-entre-los-mayas\/#primaryimage"},"thumbnailUrl":"https:\/\/www.mj2artesanos.es\/blog\/wp-content\/uploads\/2015\/04\/pn2-Large.jpg","keywords":["alien\u00edgenas","antiguos astronautas","Astronauta palenque","destacado","king pacal","king pakal","Losa Pakal","Pacal","Pacal tombstone","Pakal","rey pacal"],"articleSection":["Arqueolog\u00eda","R\u00e9plicas"],"inLanguage":"en-US","potentialAction":[{"@type":"CommentAction","name":"Comment","target":["https:\/\/www.mj2artesanos.es\/blog\/pakal-un-astronauta-entre-los-mayas\/#respond"]}]},{"@type":"WebPage","@id":"https:\/\/www.mj2artesanos.es\/blog\/pakal-un-astronauta-entre-los-mayas\/","url":"https:\/\/www.mj2artesanos.es\/blog\/pakal-un-astronauta-entre-los-mayas\/","name":"Pakal, \u00bfUn astronauta entre los Mayas?","isPartOf":{"@id":"https:\/\/www.mj2artesanos.es\/blog\/#website"},"primaryImageOfPage":{"@id":"https:\/\/www.mj2artesanos.es\/blog\/pakal-un-astronauta-entre-los-mayas\/#primaryimage"},"image":{"@id":"https:\/\/www.mj2artesanos.es\/blog\/pakal-un-astronauta-entre-los-mayas\/#primaryimage"},"thumbnailUrl":"https:\/\/www.mj2artesanos.es\/blog\/wp-content\/uploads\/2015\/04\/pn2-Large.jpg","datePublished":"2015-04-06T09:54:10+00:00","dateModified":"2025-09-29T07:18:57+00:00","description":"La losa funeraria de Pakal \"el Grande\", descubierta por el arque\u00f3logo\u00a0Alberto Ruz Lhuillier en 1952, se hizo famosa entre los seguidores de","breadcrumb":{"@id":"https:\/\/www.mj2artesanos.es\/blog\/pakal-un-astronauta-entre-los-mayas\/#breadcrumb"},"inLanguage":"en-US","potentialAction":[{"@type":"ReadAction","target":["https:\/\/www.mj2artesanos.es\/blog\/pakal-un-astronauta-entre-los-mayas\/"]}]},{"@type":"ImageObject","inLanguage":"en-US","@id":"https:\/\/www.mj2artesanos.es\/blog\/pakal-un-astronauta-entre-los-mayas\/#primaryimage","url":"https:\/\/www.mj2artesanos.es\/blog\/wp-content\/uploads\/2015\/04\/pn2-Large.jpg","contentUrl":"https:\/\/www.mj2artesanos.es\/blog\/wp-content\/uploads\/2015\/04\/pn2-Large.jpg","width":1613,"height":1080,"caption":"R\u00e9plica losa Pacal, Pakal tombstone replica"},{"@type":"BreadcrumbList","@id":"https:\/\/www.mj2artesanos.es\/blog\/pakal-un-astronauta-entre-los-mayas\/#breadcrumb","itemListElement":[{"@type":"ListItem","position":1,"name":"Portada","item":"https:\/\/www.mj2artesanos.es\/blog\/"},{"@type":"ListItem","position":2,"name":"Pakal, \u00bfun astronauta entre los mayas?"}]},{"@type":"WebSite","@id":"https:\/\/www.mj2artesanos.es\/blog\/#website","url":"https:\/\/www.mj2artesanos.es\/blog\/","name":"[:es]MJ2 Artesanos[:]","description":"R\u00e9plicas artesanales inspiradas en historia, arqueolog\u00eda y cine. Piezas hechas a mano para coleccionistas, recreaci\u00f3n y decoraci\u00f3n. Artesan\u00eda \u00fanica.","publisher":{"@id":"https:\/\/www.mj2artesanos.es\/blog\/#organization"},"alternateName":"Mj2 Artesanos arte desde el taller","potentialAction":[{"@type":"SearchAction","target":{"@type":"EntryPoint","urlTemplate":"https:\/\/www.mj2artesanos.es\/blog\/?s={search_term_string}"},"query-input":{"@type":"PropertyValueSpecification","valueRequired":true,"valueName":"search_term_string"}}],"inLanguage":"en-US"},{"@type":"Organization","@id":"https:\/\/www.mj2artesanos.es\/blog\/#organization","name":"[:es]MJ2 Artesanos[:]","alternateName":"Artesanos del tiempo","url":"https:\/\/www.mj2artesanos.es\/blog\/","logo":{"@type":"ImageObject","inLanguage":"en-US","@id":"https:\/\/www.mj2artesanos.es\/blog\/#\/schema\/logo\/image\/","url":"https:\/\/www.mj2artesanos.es\/blog\/wp-content\/uploads\/2025\/05\/Logo-2025.png","contentUrl":"https:\/\/www.mj2artesanos.es\/blog\/wp-content\/uploads\/2025\/05\/Logo-2025.png","width":150,"height":150,"caption":"[:es]MJ2 Artesanos[:]"},"image":{"@id":"https:\/\/www.mj2artesanos.es\/blog\/#\/schema\/logo\/image\/"}},{"@type":"Person","@id":"https:\/\/www.mj2artesanos.es\/blog\/#\/schema\/person\/d83d8b33e690d56625964d2da25dacbe","name":"Mj2","image":{"@type":"ImageObject","inLanguage":"en-US","@id":"https:\/\/secure.gravatar.com\/avatar\/9531ba13df63e2566b0071be36796c8f49b308e9397edd95b2818fa19deefeff?s=96&d=mm&r=g","url":"https:\/\/secure.gravatar.com\/avatar\/9531ba13df63e2566b0071be36796c8f49b308e9397edd95b2818fa19deefeff?s=96&d=mm&r=g","contentUrl":"https:\/\/secure.gravatar.com\/avatar\/9531ba13df63e2566b0071be36796c8f49b308e9397edd95b2818fa19deefeff?s=96&d=mm&r=g","caption":"Mj2"},"sameAs":["http:\/\/www.mj2artesanos.es\/tienda"],"url":"https:\/\/www.mj2artesanos.es\/blog\/en\/author\/cedito\/"}]}},"author_meta":{"display_name":"Mj2","author_link":"https:\/\/www.mj2artesanos.es\/blog\/en\/author\/cedito\/"},"featured_img":"https:\/\/www.mj2artesanos.es\/blog\/wp-content\/uploads\/2015\/04\/pn2-Large-300x200.jpg","coauthors":[],"tax_additional":{"categories":{"linked":["<a href=\"https:\/\/www.mj2artesanos.es\/blog\/en\/category\/arqueologia-e-historia\/\" class=\"advgb-post-tax-term\">Arqueolog\u00eda<\/a>","<a href=\"https:\/\/www.mj2artesanos.es\/blog\/en\/category\/replicas\/\" class=\"advgb-post-tax-term\">R\u00e9plicas<\/a>"],"unlinked":["<span class=\"advgb-post-tax-term\">Arqueolog\u00eda<\/span>","<span class=\"advgb-post-tax-term\">R\u00e9plicas<\/span>"]},"tags":{"linked":["<a href=\"https:\/\/www.mj2artesanos.es\/blog\/en\/category\/replicas\/\" class=\"advgb-post-tax-term\">alien\u00edgenas<\/a>","<a href=\"https:\/\/www.mj2artesanos.es\/blog\/en\/category\/replicas\/\" class=\"advgb-post-tax-term\">antiguos astronautas<\/a>","<a href=\"https:\/\/www.mj2artesanos.es\/blog\/en\/category\/replicas\/\" class=\"advgb-post-tax-term\">Astronauta palenque<\/a>","<a href=\"https:\/\/www.mj2artesanos.es\/blog\/en\/category\/replicas\/\" class=\"advgb-post-tax-term\">destacado<\/a>","<a href=\"https:\/\/www.mj2artesanos.es\/blog\/en\/category\/replicas\/\" class=\"advgb-post-tax-term\">king pacal<\/a>","<a href=\"https:\/\/www.mj2artesanos.es\/blog\/en\/category\/replicas\/\" class=\"advgb-post-tax-term\">king pakal<\/a>","<a href=\"https:\/\/www.mj2artesanos.es\/blog\/en\/category\/replicas\/\" class=\"advgb-post-tax-term\">Losa Pakal<\/a>","<a href=\"https:\/\/www.mj2artesanos.es\/blog\/en\/category\/replicas\/\" class=\"advgb-post-tax-term\">Pacal<\/a>","<a href=\"https:\/\/www.mj2artesanos.es\/blog\/en\/category\/replicas\/\" class=\"advgb-post-tax-term\">Pacal tombstone<\/a>","<a href=\"https:\/\/www.mj2artesanos.es\/blog\/en\/category\/replicas\/\" class=\"advgb-post-tax-term\">Pakal<\/a>","<a href=\"https:\/\/www.mj2artesanos.es\/blog\/en\/category\/replicas\/\" class=\"advgb-post-tax-term\">rey pacal<\/a>"],"unlinked":["<span class=\"advgb-post-tax-term\">alien\u00edgenas<\/span>","<span class=\"advgb-post-tax-term\">antiguos astronautas<\/span>","<span class=\"advgb-post-tax-term\">Astronauta palenque<\/span>","<span class=\"advgb-post-tax-term\">destacado<\/span>","<span class=\"advgb-post-tax-term\">king pacal<\/span>","<span class=\"advgb-post-tax-term\">king pakal<\/span>","<span class=\"advgb-post-tax-term\">Losa Pakal<\/span>","<span class=\"advgb-post-tax-term\">Pacal<\/span>","<span class=\"advgb-post-tax-term\">Pacal tombstone<\/span>","<span class=\"advgb-post-tax-term\">Pakal<\/span>","<span class=\"advgb-post-tax-term\">rey pacal<\/span>"]}},"comment_count":"0","relative_dates":{"created":"Posted 11 years ago","modified":"Updated 7 months ago"},"absolute_dates":{"created":"Posted on 6 April, 2015","modified":"Updated on 29 September, 2025"},"absolute_dates_time":{"created":"Posted on 6 April, 2015 10:54","modified":"Updated on 29 September, 2025 8:18"},"featured_img_caption":"","series_order":"","_links":{"self":[{"href":"https:\/\/www.mj2artesanos.es\/blog\/en\/wp-json\/wp\/v2\/posts\/1626","targetHints":{"allow":["GET"]}}],"collection":[{"href":"https:\/\/www.mj2artesanos.es\/blog\/en\/wp-json\/wp\/v2\/posts"}],"about":[{"href":"https:\/\/www.mj2artesanos.es\/blog\/en\/wp-json\/wp\/v2\/types\/post"}],"author":[{"embeddable":true,"href":"https:\/\/www.mj2artesanos.es\/blog\/en\/wp-json\/wp\/v2\/users\/1"}],"replies":[{"embeddable":true,"href":"https:\/\/www.mj2artesanos.es\/blog\/en\/wp-json\/wp\/v2\/comments?post=1626"}],"version-history":[{"count":0,"href":"https:\/\/www.mj2artesanos.es\/blog\/en\/wp-json\/wp\/v2\/posts\/1626\/revisions"}],"wp:featuredmedia":[{"embeddable":true,"href":"https:\/\/www.mj2artesanos.es\/blog\/en\/wp-json\/wp\/v2\/media\/1627"}],"wp:attachment":[{"href":"https:\/\/www.mj2artesanos.es\/blog\/en\/wp-json\/wp\/v2\/media?parent=1626"}],"wp:term":[{"taxonomy":"category","embeddable":true,"href":"https:\/\/www.mj2artesanos.es\/blog\/en\/wp-json\/wp\/v2\/categories?post=1626"},{"taxonomy":"post_tag","embeddable":true,"href":"https:\/\/www.mj2artesanos.es\/blog\/en\/wp-json\/wp\/v2\/tags?post=1626"}],"curies":[{"name":"wp","href":"https:\/\/api.w.org\/{rel}","templated":true}]}}