{"id":1923,"date":"2016-10-24T19:49:18","date_gmt":"2016-10-24T18:49:18","guid":{"rendered":"http:\/\/www.mj2artesanos.es\/blog\/?p=1923"},"modified":"2025-09-29T09:49:17","modified_gmt":"2025-09-29T08:49:17","slug":"pie-de-micro-personalizado-mr-soriver","status":"publish","type":"post","link":"https:\/\/www.mj2artesanos.es\/blog\/en\/pie-de-micro-personalizado-mr-soriver\/","title":{"rendered":"(Espa\u00f1ol) Pie de micro personalizado. (Mr. S\u00f3river)"},"content":{"rendered":"<p><\/p>\n<p>&nbsp;<\/p>\n<p>&nbsp;<\/p>\n<p>&nbsp;<\/p>\n<p>&nbsp;<\/p>\n<p>&nbsp;<\/p>\n<p>&nbsp;<\/p>\n<p>&nbsp;<\/p>\n<p>&nbsp;<\/p>\n<p>&nbsp;<\/p>\n<p>&nbsp;<\/p>\n<p>&nbsp;<\/p>\n<p><\/p>","protected":false},"excerpt":{"rendered":"<p class=\"qtranxs-available-languages-message qtranxs-available-languages-message-en\">Sorry, this entry is only available in <a href=\"https:\/\/www.mj2artesanos.es\/blog\/es\/wp-json\/wp\/v2\/posts\/1923\" class=\"qtranxs-available-language-link qtranxs-available-language-link-es\" title=\"Espa\u00f1ol\">Espa\u00f1ol<\/a>.<\/p>\n<p>Pie de micro personalizado<\/p>\n","protected":false},"author":1,"featured_media":1936,"comment_status":"open","ping_status":"open","sticky":false,"template":"","format":"standard","meta":{"_crdt_document":"","advgb_blocks_editor_width":"","advgb_blocks_columns_visual_guide":"","two_page_speed":[],"footnotes":""},"categories":[82],"tags":[482,418,485,484,483,86,460,481,486],"class_list":["post-1923","post","type-post","status-publish","format-standard","has-post-thumbnail","hentry","category-personalizacion","tag-artesano-pie-de-micro","tag-calavera","tag-cantautor","tag-caza-de-brujas","tag-mr-soriver","tag-personalizacion-2","tag-pie-de-micro","tag-pie-de-micro-personaliado","tag-regalo"],"yoast_head":"<!-- This site is optimized with the Yoast SEO plugin v27.5 - https:\/\/yoast.com\/product\/yoast-seo-wordpress\/ -->\n<title><\/title>\n<meta name=\"description\" content=\"Volvemos con un nuevo pie de micro personalizado, en este caso para Mr. S\u00f3river, cantautor sevillano-madrile\u00f1o al que le cay\u00f3 este\" \/>\n<meta name=\"robots\" content=\"index, follow, max-snippet:-1, max-image-preview:large, max-video-preview:-1\" \/>\n<link rel=\"canonical\" href=\"https:\/\/www.mj2artesanos.es\/blog\/pie-de-micro-personalizado-mr-soriver\/\" \/>\n<meta property=\"og:locale\" content=\"en_US\" \/>\n<meta property=\"og:type\" content=\"article\" \/>\n<meta property=\"og:title\" content=\"[:es]Pie de micro personalizado. (Mr. S\u00f3river)[:] - MJ2 Artesanos\" \/>\n<meta property=\"og:description\" content=\"Volvemos con un nuevo pie de micro personalizado, en este caso para Mr. S\u00f3river, cantautor sevillano-madrile\u00f1o al que le cay\u00f3 este\" \/>\n<meta property=\"og:url\" content=\"https:\/\/www.mj2artesanos.es\/blog\/pie-de-micro-personalizado-mr-soriver\/\" \/>\n<meta property=\"og:site_name\" content=\"MJ2 Artesanos\" \/>\n<meta property=\"article:published_time\" content=\"2016-10-24T18:49:18+00:00\" \/>\n<meta property=\"article:modified_time\" content=\"2025-09-29T08:49:17+00:00\" \/>\n<meta property=\"og:image\" content=\"https:\/\/www.mj2artesanos.es\/blog\/wp-content\/uploads\/2016\/10\/mrh-1024x378.jpg\" \/>\n\t<meta property=\"og:image:width\" content=\"1024\" \/>\n\t<meta property=\"og:image:height\" content=\"378\" \/>\n\t<meta property=\"og:image:type\" content=\"image\/jpeg\" \/>\n<meta name=\"author\" content=\"Mj2\" \/>\n<meta name=\"twitter:card\" content=\"summary_large_image\" \/>\n<meta name=\"twitter:label1\" content=\"Written by\" \/>\n\t<meta name=\"twitter:data1\" content=\"Mj2\" \/>\n\t<meta name=\"twitter:label2\" content=\"Est. reading time\" \/>\n\t<meta name=\"twitter:data2\" content=\"3 minutes\" \/>\n<script type=\"application\/ld+json\" class=\"yoast-schema-graph\">{\"@context\":\"https:\\\/\\\/schema.org\",\"@graph\":[{\"@type\":\"Article\",\"@id\":\"https:\\\/\\\/www.mj2artesanos.es\\\/blog\\\/pie-de-micro-personalizado-mr-soriver\\\/#article\",\"isPartOf\":{\"@id\":\"https:\\\/\\\/www.mj2artesanos.es\\\/blog\\\/pie-de-micro-personalizado-mr-soriver\\\/\"},\"author\":{\"name\":\"Mj2\",\"@id\":\"https:\\\/\\\/www.mj2artesanos.es\\\/blog\\\/#\\\/schema\\\/person\\\/d83d8b33e690d56625964d2da25dacbe\"},\"headline\":\"(Espa\u00f1ol) Pie de micro personalizado. (Mr. S\u00f3river)\",\"datePublished\":\"2016-10-24T18:49:18+00:00\",\"dateModified\":\"2025-09-29T08:49:17+00:00\",\"mainEntityOfPage\":{\"@id\":\"https:\\\/\\\/www.mj2artesanos.es\\\/blog\\\/pie-de-micro-personalizado-mr-soriver\\\/\"},\"wordCount\":300,\"commentCount\":0,\"publisher\":{\"@id\":\"https:\\\/\\\/www.mj2artesanos.es\\\/blog\\\/#organization\"},\"image\":{\"@id\":\"https:\\\/\\\/www.mj2artesanos.es\\\/blog\\\/pie-de-micro-personalizado-mr-soriver\\\/#primaryimage\"},\"thumbnailUrl\":\"https:\\\/\\\/www.mj2artesanos.es\\\/blog\\\/wp-content\\\/uploads\\\/2016\\\/10\\\/mrh.jpg\",\"keywords\":[\"artesano pie de micro\",\"calavera\",\"cantautor\",\"Caza de brujas\",\"Mr S\u00f3river\",\"personalizaci\u00f3n\",\"Pie de micro\",\"pie de micro personaliado\",\"regalo\"],\"articleSection\":[\"Customize\"],\"inLanguage\":\"en-US\",\"potentialAction\":[{\"@type\":\"CommentAction\",\"name\":\"Comment\",\"target\":[\"https:\\\/\\\/www.mj2artesanos.es\\\/blog\\\/pie-de-micro-personalizado-mr-soriver\\\/#respond\"]}]},{\"@type\":\"WebPage\",\"@id\":\"https:\\\/\\\/www.mj2artesanos.es\\\/blog\\\/pie-de-micro-personalizado-mr-soriver\\\/\",\"url\":\"https:\\\/\\\/www.mj2artesanos.es\\\/blog\\\/pie-de-micro-personalizado-mr-soriver\\\/\",\"name\":\"[:es]Pie de micro personalizado. (Mr. S\u00f3river)[:] - MJ2 Artesanos\",\"isPartOf\":{\"@id\":\"https:\\\/\\\/www.mj2artesanos.es\\\/blog\\\/#website\"},\"primaryImageOfPage\":{\"@id\":\"https:\\\/\\\/www.mj2artesanos.es\\\/blog\\\/pie-de-micro-personalizado-mr-soriver\\\/#primaryimage\"},\"image\":{\"@id\":\"https:\\\/\\\/www.mj2artesanos.es\\\/blog\\\/pie-de-micro-personalizado-mr-soriver\\\/#primaryimage\"},\"thumbnailUrl\":\"https:\\\/\\\/www.mj2artesanos.es\\\/blog\\\/wp-content\\\/uploads\\\/2016\\\/10\\\/mrh.jpg\",\"datePublished\":\"2016-10-24T18:49:18+00:00\",\"dateModified\":\"2025-09-29T08:49:17+00:00\",\"description\":\"Volvemos con un nuevo pie de micro personalizado, en este caso para Mr. S\u00f3river, cantautor sevillano-madrile\u00f1o al que le cay\u00f3 este\",\"breadcrumb\":{\"@id\":\"https:\\\/\\\/www.mj2artesanos.es\\\/blog\\\/pie-de-micro-personalizado-mr-soriver\\\/#breadcrumb\"},\"inLanguage\":\"en-US\",\"potentialAction\":[{\"@type\":\"ReadAction\",\"target\":[\"https:\\\/\\\/www.mj2artesanos.es\\\/blog\\\/pie-de-micro-personalizado-mr-soriver\\\/\"]}]},{\"@type\":\"ImageObject\",\"inLanguage\":\"en-US\",\"@id\":\"https:\\\/\\\/www.mj2artesanos.es\\\/blog\\\/pie-de-micro-personalizado-mr-soriver\\\/#primaryimage\",\"url\":\"https:\\\/\\\/www.mj2artesanos.es\\\/blog\\\/wp-content\\\/uploads\\\/2016\\\/10\\\/mrh.jpg\",\"contentUrl\":\"https:\\\/\\\/www.mj2artesanos.es\\\/blog\\\/wp-content\\\/uploads\\\/2016\\\/10\\\/mrh.jpg\",\"width\":2560,\"height\":944},{\"@type\":\"BreadcrumbList\",\"@id\":\"https:\\\/\\\/www.mj2artesanos.es\\\/blog\\\/pie-de-micro-personalizado-mr-soriver\\\/#breadcrumb\",\"itemListElement\":[{\"@type\":\"ListItem\",\"position\":1,\"name\":\"Portada\",\"item\":\"https:\\\/\\\/www.mj2artesanos.es\\\/blog\\\/\"},{\"@type\":\"ListItem\",\"position\":2,\"name\":\"Pie de micro personalizado. (Mr. S\u00f3river)\"}]},{\"@type\":\"WebSite\",\"@id\":\"https:\\\/\\\/www.mj2artesanos.es\\\/blog\\\/#website\",\"url\":\"https:\\\/\\\/www.mj2artesanos.es\\\/blog\\\/\",\"name\":\"[:es]MJ2 Artesanos[:]\",\"description\":\"R\u00e9plicas artesanales inspiradas en historia, arqueolog\u00eda y cine. Piezas hechas a mano para coleccionistas, recreaci\u00f3n y decoraci\u00f3n. Artesan\u00eda \u00fanica.\",\"publisher\":{\"@id\":\"https:\\\/\\\/www.mj2artesanos.es\\\/blog\\\/#organization\"},\"alternateName\":\"Mj2 Artesanos arte desde el taller\",\"potentialAction\":[{\"@type\":\"SearchAction\",\"target\":{\"@type\":\"EntryPoint\",\"urlTemplate\":\"https:\\\/\\\/www.mj2artesanos.es\\\/blog\\\/?s={search_term_string}\"},\"query-input\":{\"@type\":\"PropertyValueSpecification\",\"valueRequired\":true,\"valueName\":\"search_term_string\"}}],\"inLanguage\":\"en-US\"},{\"@type\":\"Organization\",\"@id\":\"https:\\\/\\\/www.mj2artesanos.es\\\/blog\\\/#organization\",\"name\":\"[:es]MJ2 Artesanos[:]\",\"alternateName\":\"Artesanos del tiempo\",\"url\":\"https:\\\/\\\/www.mj2artesanos.es\\\/blog\\\/\",\"logo\":{\"@type\":\"ImageObject\",\"inLanguage\":\"en-US\",\"@id\":\"https:\\\/\\\/www.mj2artesanos.es\\\/blog\\\/#\\\/schema\\\/logo\\\/image\\\/\",\"url\":\"https:\\\/\\\/www.mj2artesanos.es\\\/blog\\\/wp-content\\\/uploads\\\/2025\\\/05\\\/Logo-2025.png\",\"contentUrl\":\"https:\\\/\\\/www.mj2artesanos.es\\\/blog\\\/wp-content\\\/uploads\\\/2025\\\/05\\\/Logo-2025.png\",\"width\":150,\"height\":150,\"caption\":\"[:es]MJ2 Artesanos[:]\"},\"image\":{\"@id\":\"https:\\\/\\\/www.mj2artesanos.es\\\/blog\\\/#\\\/schema\\\/logo\\\/image\\\/\"}},{\"@type\":\"Person\",\"@id\":\"https:\\\/\\\/www.mj2artesanos.es\\\/blog\\\/#\\\/schema\\\/person\\\/d83d8b33e690d56625964d2da25dacbe\",\"name\":\"Mj2\",\"image\":{\"@type\":\"ImageObject\",\"inLanguage\":\"en-US\",\"@id\":\"https:\\\/\\\/secure.gravatar.com\\\/avatar\\\/9531ba13df63e2566b0071be36796c8f49b308e9397edd95b2818fa19deefeff?s=96&d=mm&r=g\",\"url\":\"https:\\\/\\\/secure.gravatar.com\\\/avatar\\\/9531ba13df63e2566b0071be36796c8f49b308e9397edd95b2818fa19deefeff?s=96&d=mm&r=g\",\"contentUrl\":\"https:\\\/\\\/secure.gravatar.com\\\/avatar\\\/9531ba13df63e2566b0071be36796c8f49b308e9397edd95b2818fa19deefeff?s=96&d=mm&r=g\",\"caption\":\"Mj2\"},\"sameAs\":[\"http:\\\/\\\/www.mj2artesanos.es\\\/tienda\"],\"url\":\"https:\\\/\\\/www.mj2artesanos.es\\\/blog\\\/en\\\/author\\\/cedito\\\/\"}]}<\/script>\n<!-- \/ Yoast SEO plugin. -->","yoast_head_json":{"title":"[:es]Pie de micro personalizado. (Mr. S\u00f3river)[:] - MJ2 Artesanos","description":"Volvemos con un nuevo pie de micro personalizado, en este caso para Mr. S\u00f3river, cantautor sevillano-madrile\u00f1o al que le cay\u00f3 este","robots":{"index":"index","follow":"follow","max-snippet":"max-snippet:-1","max-image-preview":"max-image-preview:large","max-video-preview":"max-video-preview:-1"},"canonical":"https:\/\/www.mj2artesanos.es\/blog\/pie-de-micro-personalizado-mr-soriver\/","og_locale":"en_US","og_type":"article","og_title":"[:es]Pie de micro personalizado. (Mr. S\u00f3river)[:] - MJ2 Artesanos","og_description":"Volvemos con un nuevo pie de micro personalizado, en este caso para Mr. S\u00f3river, cantautor sevillano-madrile\u00f1o al que le cay\u00f3 este","og_url":"https:\/\/www.mj2artesanos.es\/blog\/pie-de-micro-personalizado-mr-soriver\/","og_site_name":"MJ2 Artesanos","article_published_time":"2016-10-24T18:49:18+00:00","article_modified_time":"2025-09-29T08:49:17+00:00","og_image":[{"width":1024,"height":378,"url":"https:\/\/www.mj2artesanos.es\/blog\/wp-content\/uploads\/2016\/10\/mrh-1024x378.jpg","type":"image\/jpeg"}],"author":"Mj2","twitter_card":"summary_large_image","twitter_misc":{"Written by":"Mj2","Est. reading time":"3 minutes"},"schema":{"@context":"https:\/\/schema.org","@graph":[{"@type":"Article","@id":"https:\/\/www.mj2artesanos.es\/blog\/pie-de-micro-personalizado-mr-soriver\/#article","isPartOf":{"@id":"https:\/\/www.mj2artesanos.es\/blog\/pie-de-micro-personalizado-mr-soriver\/"},"author":{"name":"Mj2","@id":"https:\/\/www.mj2artesanos.es\/blog\/#\/schema\/person\/d83d8b33e690d56625964d2da25dacbe"},"headline":"(Espa\u00f1ol) Pie de micro personalizado. (Mr. S\u00f3river)","datePublished":"2016-10-24T18:49:18+00:00","dateModified":"2025-09-29T08:49:17+00:00","mainEntityOfPage":{"@id":"https:\/\/www.mj2artesanos.es\/blog\/pie-de-micro-personalizado-mr-soriver\/"},"wordCount":300,"commentCount":0,"publisher":{"@id":"https:\/\/www.mj2artesanos.es\/blog\/#organization"},"image":{"@id":"https:\/\/www.mj2artesanos.es\/blog\/pie-de-micro-personalizado-mr-soriver\/#primaryimage"},"thumbnailUrl":"https:\/\/www.mj2artesanos.es\/blog\/wp-content\/uploads\/2016\/10\/mrh.jpg","keywords":["artesano pie de micro","calavera","cantautor","Caza de brujas","Mr S\u00f3river","personalizaci\u00f3n","Pie de micro","pie de micro personaliado","regalo"],"articleSection":["Customize"],"inLanguage":"en-US","potentialAction":[{"@type":"CommentAction","name":"Comment","target":["https:\/\/www.mj2artesanos.es\/blog\/pie-de-micro-personalizado-mr-soriver\/#respond"]}]},{"@type":"WebPage","@id":"https:\/\/www.mj2artesanos.es\/blog\/pie-de-micro-personalizado-mr-soriver\/","url":"https:\/\/www.mj2artesanos.es\/blog\/pie-de-micro-personalizado-mr-soriver\/","name":"[:es]Pie de micro personalizado. (Mr. S\u00f3river)[:] - MJ2 Artesanos","isPartOf":{"@id":"https:\/\/www.mj2artesanos.es\/blog\/#website"},"primaryImageOfPage":{"@id":"https:\/\/www.mj2artesanos.es\/blog\/pie-de-micro-personalizado-mr-soriver\/#primaryimage"},"image":{"@id":"https:\/\/www.mj2artesanos.es\/blog\/pie-de-micro-personalizado-mr-soriver\/#primaryimage"},"thumbnailUrl":"https:\/\/www.mj2artesanos.es\/blog\/wp-content\/uploads\/2016\/10\/mrh.jpg","datePublished":"2016-10-24T18:49:18+00:00","dateModified":"2025-09-29T08:49:17+00:00","description":"Volvemos con un nuevo pie de micro personalizado, en este caso para Mr. S\u00f3river, cantautor sevillano-madrile\u00f1o al que le cay\u00f3 este","breadcrumb":{"@id":"https:\/\/www.mj2artesanos.es\/blog\/pie-de-micro-personalizado-mr-soriver\/#breadcrumb"},"inLanguage":"en-US","potentialAction":[{"@type":"ReadAction","target":["https:\/\/www.mj2artesanos.es\/blog\/pie-de-micro-personalizado-mr-soriver\/"]}]},{"@type":"ImageObject","inLanguage":"en-US","@id":"https:\/\/www.mj2artesanos.es\/blog\/pie-de-micro-personalizado-mr-soriver\/#primaryimage","url":"https:\/\/www.mj2artesanos.es\/blog\/wp-content\/uploads\/2016\/10\/mrh.jpg","contentUrl":"https:\/\/www.mj2artesanos.es\/blog\/wp-content\/uploads\/2016\/10\/mrh.jpg","width":2560,"height":944},{"@type":"BreadcrumbList","@id":"https:\/\/www.mj2artesanos.es\/blog\/pie-de-micro-personalizado-mr-soriver\/#breadcrumb","itemListElement":[{"@type":"ListItem","position":1,"name":"Portada","item":"https:\/\/www.mj2artesanos.es\/blog\/"},{"@type":"ListItem","position":2,"name":"Pie de micro personalizado. (Mr. S\u00f3river)"}]},{"@type":"WebSite","@id":"https:\/\/www.mj2artesanos.es\/blog\/#website","url":"https:\/\/www.mj2artesanos.es\/blog\/","name":"[:es]MJ2 Artesanos[:]","description":"R\u00e9plicas artesanales inspiradas en historia, arqueolog\u00eda y cine. Piezas hechas a mano para coleccionistas, recreaci\u00f3n y decoraci\u00f3n. Artesan\u00eda \u00fanica.","publisher":{"@id":"https:\/\/www.mj2artesanos.es\/blog\/#organization"},"alternateName":"Mj2 Artesanos arte desde el taller","potentialAction":[{"@type":"SearchAction","target":{"@type":"EntryPoint","urlTemplate":"https:\/\/www.mj2artesanos.es\/blog\/?s={search_term_string}"},"query-input":{"@type":"PropertyValueSpecification","valueRequired":true,"valueName":"search_term_string"}}],"inLanguage":"en-US"},{"@type":"Organization","@id":"https:\/\/www.mj2artesanos.es\/blog\/#organization","name":"[:es]MJ2 Artesanos[:]","alternateName":"Artesanos del tiempo","url":"https:\/\/www.mj2artesanos.es\/blog\/","logo":{"@type":"ImageObject","inLanguage":"en-US","@id":"https:\/\/www.mj2artesanos.es\/blog\/#\/schema\/logo\/image\/","url":"https:\/\/www.mj2artesanos.es\/blog\/wp-content\/uploads\/2025\/05\/Logo-2025.png","contentUrl":"https:\/\/www.mj2artesanos.es\/blog\/wp-content\/uploads\/2025\/05\/Logo-2025.png","width":150,"height":150,"caption":"[:es]MJ2 Artesanos[:]"},"image":{"@id":"https:\/\/www.mj2artesanos.es\/blog\/#\/schema\/logo\/image\/"}},{"@type":"Person","@id":"https:\/\/www.mj2artesanos.es\/blog\/#\/schema\/person\/d83d8b33e690d56625964d2da25dacbe","name":"Mj2","image":{"@type":"ImageObject","inLanguage":"en-US","@id":"https:\/\/secure.gravatar.com\/avatar\/9531ba13df63e2566b0071be36796c8f49b308e9397edd95b2818fa19deefeff?s=96&d=mm&r=g","url":"https:\/\/secure.gravatar.com\/avatar\/9531ba13df63e2566b0071be36796c8f49b308e9397edd95b2818fa19deefeff?s=96&d=mm&r=g","contentUrl":"https:\/\/secure.gravatar.com\/avatar\/9531ba13df63e2566b0071be36796c8f49b308e9397edd95b2818fa19deefeff?s=96&d=mm&r=g","caption":"Mj2"},"sameAs":["http:\/\/www.mj2artesanos.es\/tienda"],"url":"https:\/\/www.mj2artesanos.es\/blog\/en\/author\/cedito\/"}]}},"author_meta":{"display_name":"Mj2","author_link":"https:\/\/www.mj2artesanos.es\/blog\/en\/author\/cedito\/"},"featured_img":"https:\/\/www.mj2artesanos.es\/blog\/wp-content\/uploads\/2016\/10\/mrh-300x111.jpg","coauthors":[],"tax_additional":{"categories":{"linked":["<a href=\"https:\/\/www.mj2artesanos.es\/blog\/en\/category\/personalizacion\/\" class=\"advgb-post-tax-term\">Customize<\/a>"],"unlinked":["<span class=\"advgb-post-tax-term\">Customize<\/span>"]},"tags":{"linked":["<a href=\"https:\/\/www.mj2artesanos.es\/blog\/en\/category\/personalizacion\/\" class=\"advgb-post-tax-term\">artesano pie de micro<\/a>","<a href=\"https:\/\/www.mj2artesanos.es\/blog\/en\/category\/personalizacion\/\" class=\"advgb-post-tax-term\">calavera<\/a>","<a href=\"https:\/\/www.mj2artesanos.es\/blog\/en\/category\/personalizacion\/\" class=\"advgb-post-tax-term\">cantautor<\/a>","<a href=\"https:\/\/www.mj2artesanos.es\/blog\/en\/category\/personalizacion\/\" class=\"advgb-post-tax-term\">Caza de brujas<\/a>","<a href=\"https:\/\/www.mj2artesanos.es\/blog\/en\/category\/personalizacion\/\" class=\"advgb-post-tax-term\">Mr S\u00f3river<\/a>","<a href=\"https:\/\/www.mj2artesanos.es\/blog\/en\/category\/personalizacion\/\" class=\"advgb-post-tax-term\">personalizaci\u00f3n<\/a>","<a href=\"https:\/\/www.mj2artesanos.es\/blog\/en\/category\/personalizacion\/\" class=\"advgb-post-tax-term\">Pie de micro<\/a>","<a href=\"https:\/\/www.mj2artesanos.es\/blog\/en\/category\/personalizacion\/\" class=\"advgb-post-tax-term\">pie de micro personaliado<\/a>","<a href=\"https:\/\/www.mj2artesanos.es\/blog\/en\/category\/personalizacion\/\" class=\"advgb-post-tax-term\">regalo<\/a>"],"unlinked":["<span class=\"advgb-post-tax-term\">artesano pie de micro<\/span>","<span class=\"advgb-post-tax-term\">calavera<\/span>","<span class=\"advgb-post-tax-term\">cantautor<\/span>","<span class=\"advgb-post-tax-term\">Caza de brujas<\/span>","<span class=\"advgb-post-tax-term\">Mr S\u00f3river<\/span>","<span class=\"advgb-post-tax-term\">personalizaci\u00f3n<\/span>","<span class=\"advgb-post-tax-term\">Pie de micro<\/span>","<span class=\"advgb-post-tax-term\">pie de micro personaliado<\/span>","<span class=\"advgb-post-tax-term\">regalo<\/span>"]}},"comment_count":"0","relative_dates":{"created":"Posted 10 years ago","modified":"Updated 7 months ago"},"absolute_dates":{"created":"Posted on 24 October, 2016","modified":"Updated on 29 September, 2025"},"absolute_dates_time":{"created":"Posted on 24 October, 2016 19:49","modified":"Updated on 29 September, 2025 9:49"},"featured_img_caption":"","series_order":"","_links":{"self":[{"href":"https:\/\/www.mj2artesanos.es\/blog\/en\/wp-json\/wp\/v2\/posts\/1923","targetHints":{"allow":["GET"]}}],"collection":[{"href":"https:\/\/www.mj2artesanos.es\/blog\/en\/wp-json\/wp\/v2\/posts"}],"about":[{"href":"https:\/\/www.mj2artesanos.es\/blog\/en\/wp-json\/wp\/v2\/types\/post"}],"author":[{"embeddable":true,"href":"https:\/\/www.mj2artesanos.es\/blog\/en\/wp-json\/wp\/v2\/users\/1"}],"replies":[{"embeddable":true,"href":"https:\/\/www.mj2artesanos.es\/blog\/en\/wp-json\/wp\/v2\/comments?post=1923"}],"version-history":[{"count":0,"href":"https:\/\/www.mj2artesanos.es\/blog\/en\/wp-json\/wp\/v2\/posts\/1923\/revisions"}],"wp:featuredmedia":[{"embeddable":true,"href":"https:\/\/www.mj2artesanos.es\/blog\/en\/wp-json\/wp\/v2\/media\/1936"}],"wp:attachment":[{"href":"https:\/\/www.mj2artesanos.es\/blog\/en\/wp-json\/wp\/v2\/media?parent=1923"}],"wp:term":[{"taxonomy":"category","embeddable":true,"href":"https:\/\/www.mj2artesanos.es\/blog\/en\/wp-json\/wp\/v2\/categories?post=1923"},{"taxonomy":"post_tag","embeddable":true,"href":"https:\/\/www.mj2artesanos.es\/blog\/en\/wp-json\/wp\/v2\/tags?post=1923"}],"curies":[{"name":"wp","href":"https:\/\/api.w.org\/{rel}","templated":true}]}}