{"id":775,"date":"2013-05-16T19:13:59","date_gmt":"2013-05-16T18:13:59","guid":{"rendered":"http:\/\/www.mj2artesanos.es\/blog\/?p=775"},"modified":"2025-09-22T11:26:57","modified_gmt":"2025-09-22T10:26:57","slug":"nuestra-primera-maqueta","status":"publish","type":"post","link":"https:\/\/www.mj2artesanos.es\/blog\/en\/nuestra-primera-maqueta\/","title":{"rendered":"Our first model."},"content":{"rendered":"<p>Back in 2005, mid-year, we started our career in the world of models in &#8220;Escala Maquetas&#8221;. In this case it was a mega-project in La Manga del Mar Menor (Murcia), although at this point I do not think that they will do it. Obviously I will not say names of projects or promotors.<\/p>\n<figure id=\"attachment_778\" aria-describedby=\"caption-attachment-778\" style=\"width: 259px\" class=\"wp-caption alignright\"><img loading=\"lazy\" decoding=\"async\" class=\"size-large wp-image-778\" alt=\"Estructura de hierro\" src=\"http:\/\/www.mj2artesanos.es\/blog\/wp-content\/uploads\/2013\/05\/RIMG0163-1024x768.jpg\" width=\"259\" height=\"194\" srcset=\"https:\/\/www.mj2artesanos.es\/blog\/wp-content\/uploads\/2013\/05\/RIMG0163-1024x768.jpg 1024w, https:\/\/www.mj2artesanos.es\/blog\/wp-content\/uploads\/2013\/05\/RIMG0163-300x225.jpg 300w, https:\/\/www.mj2artesanos.es\/blog\/wp-content\/uploads\/2013\/05\/RIMG0163-400x300.jpg 400w, https:\/\/www.mj2artesanos.es\/blog\/wp-content\/uploads\/2013\/05\/RIMG0163-160x120.jpg 160w, https:\/\/www.mj2artesanos.es\/blog\/wp-content\/uploads\/2013\/05\/RIMG0163.jpg 2048w\" sizes=\"auto, (max-width: 259px) 100vw, 259px\" \/><figcaption id=\"caption-attachment-778\" class=\"wp-caption-text\">Structure iron pipes.<\/figcaption><\/figure>\n<p>The order was a three meters (diameter) circular model \u00a0(to satisfy the proposed\u00a0scale).\u00a0\u00a0We made \u200b\u200ba structure, divided into three parts, of iron pipes lined the sides by PVC to lighten weight because the buildings it would be made in methacrylate. In this project there was everything, big buildings, houses, golf, fonts, etc&#8230; So yes, we started with the simplest model we could began.<\/p>\n<figure id=\"attachment_778\" aria-describedby=\"caption-attachment-778\" style=\"width: 248px\" class=\"wp-caption alignleft\"><img loading=\"lazy\" decoding=\"async\" class=\" wp-image-778 \" alt=\"Edificio\" src=\"http:\/\/www.mj2artesanos.es\/blog\/wp-content\/uploads\/2013\/05\/RIMG0188-1024x768.jpg\" width=\"248\" height=\"274\" \/><figcaption id=\"caption-attachment-778\" class=\"wp-caption-text\">Building.<\/figcaption><\/figure>\n<p>As I said earlier, this model had everything, as 6 tall buildings, a hotel, a spa, a putting green (putting course), 22 terraced houses with its own jetty, a parking occupying the entire surface of the plot, because everything previously said was at a higher level.<br \/>\nUnlike the usual way, which is to make buildings with four walls of any material and empty inside, this was made by forged as the real buildings. Why make it so? So simple, these buildings were like a ladder, so the easiest way to do this was by floors.<\/p>\n<figure id=\"attachment_778\" aria-describedby=\"caption-attachment-778\" style=\"width: 584px\" class=\"wp-caption alignright\"><a href=\"http:\/\/www.mj2artesanos.es\/blog\/wp-content\/uploads\/2013\/05\/RIMG0174.jpg\"><img loading=\"lazy\" decoding=\"async\" class=\"size-large wp-image-778\" alt=\"Adosados\" src=\"http:\/\/www.mj2artesanos.es\/blog\/wp-content\/uploads\/2013\/05\/RIMG0174-1024x768.jpg\" width=\"584\" height=\"438\" \/><\/a><figcaption id=\"caption-attachment-778\" class=\"wp-caption-text\">Townhouses.<\/figcaption><\/figure>\n<p>As you see, it was the easiest way to do it, although we had to glue the outside scratched parts as the original project. The hotel was also made with the same method as the buildings, also because it had same staggered form and was crowned by a helipad between the two towers that formed it.<br \/>\nThe villas, 22 townhouses divided in two groups of 11 in different places of the plot, as the scale permitted us, we made the of methacrylate blocks with the different items seen like pillars, pergolas, balustrades and other posts, were attached it above the blocks. These items were also made \u200b\u200bof methacrylate.<\/p>\n<figure id=\"attachment_781\" aria-describedby=\"caption-attachment-781\" style=\"width: 584px\" class=\"wp-caption aligncenter\"><img loading=\"lazy\" decoding=\"async\" class=\"size-large wp-image-781\" alt=\"Hotel\" src=\"http:\/\/www.mj2artesanos.es\/blog\/wp-content\/uploads\/2013\/05\/RIMG0066-1024x768.jpg\" width=\"584\" height=\"438\" srcset=\"https:\/\/www.mj2artesanos.es\/blog\/wp-content\/uploads\/2013\/05\/RIMG0066-1024x768.jpg 1024w, https:\/\/www.mj2artesanos.es\/blog\/wp-content\/uploads\/2013\/05\/RIMG0066-300x225.jpg 300w, https:\/\/www.mj2artesanos.es\/blog\/wp-content\/uploads\/2013\/05\/RIMG0066-400x300.jpg 400w, https:\/\/www.mj2artesanos.es\/blog\/wp-content\/uploads\/2013\/05\/RIMG0066-160x120.jpg 160w, https:\/\/www.mj2artesanos.es\/blog\/wp-content\/uploads\/2013\/05\/RIMG0066.jpg 2048w\" sizes=\"auto, (max-width: 584px) 100vw, 584px\" \/><figcaption id=\"caption-attachment-781\" class=\"wp-caption-text\">Hotel<\/figcaption><\/figure>\n<p>The area of \u200b\u200bthe golf course (putting course) was made into a methacrylate plate with artifficial grass above and \u00a0the different lawn areas\u00a0were painted on a darker green to differentiate it. In this model we put a transparent plate to see what was underneath, there, it was a car park which stretched across the bottom of the project.<\/p>\n<p>In the center of this model was a spa consisting of a round building with a dome and several water fountains\u00a0from which I have a good memory since that I made it by placing bits of fishing line attached to one another and the truth is that it was quite pretty.<\/p>\n<p>So, this was our first model.\u00a0 <a title=\"Our first model.\" href=\"http:\/\/www.mj2artesanos.es\/blog\/?gallery=nuestra-primera-maqueta&#038;lang=en\" target=\"_blank\">Here<\/a> you have more pictures of this project. I hope you liked it.<\/p>\n<p><figure id=\"attachment_794\" aria-describedby=\"caption-attachment-794\" style=\"width: 800px\" class=\"wp-caption aligncenter\"><img loading=\"lazy\" decoding=\"async\" class=\"size-full wp-image-794\" alt=\"Vista completa\" src=\"http:\/\/www.mj2artesanos.es\/blog\/wp-content\/uploads\/2013\/05\/Vista-completa.jpg\" width=\"800\" height=\"600\" srcset=\"https:\/\/www.mj2artesanos.es\/blog\/wp-content\/uploads\/2013\/05\/Vista-completa.jpg 800w, https:\/\/www.mj2artesanos.es\/blog\/wp-content\/uploads\/2013\/05\/Vista-completa-300x225.jpg 300w, https:\/\/www.mj2artesanos.es\/blog\/wp-content\/uploads\/2013\/05\/Vista-completa-400x300.jpg 400w, https:\/\/www.mj2artesanos.es\/blog\/wp-content\/uploads\/2013\/05\/Vista-completa-160x120.jpg 160w\" sizes=\"auto, (max-width: 800px) 100vw, 800px\" \/><figcaption id=\"caption-attachment-794\" class=\"wp-caption-text\">Full view.<\/figcaption><\/figure><\/p>","protected":false},"excerpt":{"rendered":"<p class=\"qtranxs-available-languages-message qtranxs-available-languages-message-en\">Sorry, this entry is only available in <a href=\"https:\/\/www.mj2artesanos.es\/blog\/es\/wp-json\/wp\/v2\/posts\/775\" class=\"qtranxs-available-language-link qtranxs-available-language-link-es\" title=\"Espa\u00f1ol\">Espa\u00f1ol<\/a>.<\/p>\n<p>Nuestra primera maqueta<\/p>\n","protected":false},"author":1,"featured_media":825,"comment_status":"open","ping_status":"open","sticky":false,"template":"","format":"standard","meta":{"_crdt_document":"","advgb_blocks_editor_width":"","advgb_blocks_columns_visual_guide":"","two_page_speed":[],"footnotes":""},"categories":[197],"tags":[199,198,164,171],"class_list":["post-775","post","type-post","status-publish","format-standard","has-post-thumbnail","hentry","category-maquetas","tag-architecture","tag-arquitectura","tag-maqueta","tag-model"],"yoast_head":"<!-- This site is optimized with the Yoast SEO plugin v27.4 - https:\/\/yoast.com\/product\/yoast-seo-wordpress\/ -->\n<title>Our first model. - MJ2 Artesanos<\/title>\n<meta name=\"description\" content=\"All\u00e1 en 2005, a mediados de a\u00f1o, empezamos nuestra andadura profesional en el mundo de las maquetas de la mano de Escala Maquetas.\" \/>\n<meta name=\"robots\" content=\"index, follow, max-snippet:-1, max-image-preview:large, max-video-preview:-1\" \/>\n<link rel=\"canonical\" href=\"https:\/\/www.mj2artesanos.es\/blog\/nuestra-primera-maqueta\/\" \/>\n<meta property=\"og:locale\" content=\"en_US\" \/>\n<meta property=\"og:type\" content=\"article\" \/>\n<meta property=\"og:title\" content=\"[:es]Nuestra primera maqueta[:en]Our first model.[:] - MJ2 Artesanos\" \/>\n<meta property=\"og:description\" content=\"All\u00e1 en 2005, a mediados de a\u00f1o, empezamos nuestra andadura profesional en el mundo de las maquetas de la mano de Escala Maquetas.\" \/>\n<meta property=\"og:url\" content=\"https:\/\/www.mj2artesanos.es\/blog\/nuestra-primera-maqueta\/\" \/>\n<meta property=\"og:site_name\" content=\"MJ2 Artesanos\" \/>\n<meta property=\"article:published_time\" content=\"2013-05-16T18:13:59+00:00\" \/>\n<meta property=\"article:modified_time\" content=\"2025-09-22T10:26:57+00:00\" \/>\n<meta property=\"og:image\" content=\"https:\/\/www.mj2artesanos.es\/blog\/wp-content\/uploads\/2013\/05\/imagen-destacada.jpg\" \/>\n\t<meta property=\"og:image:width\" content=\"1000\" \/>\n\t<meta property=\"og:image:height\" content=\"400\" \/>\n\t<meta property=\"og:image:type\" content=\"image\/jpeg\" \/>\n<meta name=\"author\" content=\"Mj2\" \/>\n<meta name=\"twitter:card\" content=\"summary_large_image\" \/>\n<meta name=\"twitter:label1\" content=\"Written by\" \/>\n\t<meta name=\"twitter:data1\" content=\"Mj2\" \/>\n\t<meta name=\"twitter:label2\" content=\"Est. reading time\" \/>\n\t<meta name=\"twitter:data2\" content=\"4 minutes\" \/>\n<script type=\"application\/ld+json\" class=\"yoast-schema-graph\">{\"@context\":\"https:\\\/\\\/schema.org\",\"@graph\":[{\"@type\":\"Article\",\"@id\":\"https:\\\/\\\/www.mj2artesanos.es\\\/blog\\\/nuestra-primera-maqueta\\\/#article\",\"isPartOf\":{\"@id\":\"https:\\\/\\\/www.mj2artesanos.es\\\/blog\\\/nuestra-primera-maqueta\\\/\"},\"author\":{\"name\":\"Mj2\",\"@id\":\"https:\\\/\\\/www.mj2artesanos.es\\\/blog\\\/#\\\/schema\\\/person\\\/d83d8b33e690d56625964d2da25dacbe\"},\"headline\":\"Our first model.\",\"datePublished\":\"2013-05-16T18:13:59+00:00\",\"dateModified\":\"2025-09-22T10:26:57+00:00\",\"mainEntityOfPage\":{\"@id\":\"https:\\\/\\\/www.mj2artesanos.es\\\/blog\\\/nuestra-primera-maqueta\\\/\"},\"wordCount\":1060,\"commentCount\":0,\"publisher\":{\"@id\":\"https:\\\/\\\/www.mj2artesanos.es\\\/blog\\\/#organization\"},\"image\":{\"@id\":\"https:\\\/\\\/www.mj2artesanos.es\\\/blog\\\/nuestra-primera-maqueta\\\/#primaryimage\"},\"thumbnailUrl\":\"https:\\\/\\\/www.mj2artesanos.es\\\/blog\\\/wp-content\\\/uploads\\\/2013\\\/05\\\/imagen-destacada.jpg\",\"keywords\":[\"architecture\",\"arquitectura\",\"maqueta\",\"model\"],\"articleSection\":[\"Models\"],\"inLanguage\":\"en-US\",\"potentialAction\":[{\"@type\":\"CommentAction\",\"name\":\"Comment\",\"target\":[\"https:\\\/\\\/www.mj2artesanos.es\\\/blog\\\/nuestra-primera-maqueta\\\/#respond\"]}]},{\"@type\":\"WebPage\",\"@id\":\"https:\\\/\\\/www.mj2artesanos.es\\\/blog\\\/nuestra-primera-maqueta\\\/\",\"url\":\"https:\\\/\\\/www.mj2artesanos.es\\\/blog\\\/nuestra-primera-maqueta\\\/\",\"name\":\"[:es]Nuestra primera maqueta[:en]Our first model.[:] - MJ2 Artesanos\",\"isPartOf\":{\"@id\":\"https:\\\/\\\/www.mj2artesanos.es\\\/blog\\\/#website\"},\"primaryImageOfPage\":{\"@id\":\"https:\\\/\\\/www.mj2artesanos.es\\\/blog\\\/nuestra-primera-maqueta\\\/#primaryimage\"},\"image\":{\"@id\":\"https:\\\/\\\/www.mj2artesanos.es\\\/blog\\\/nuestra-primera-maqueta\\\/#primaryimage\"},\"thumbnailUrl\":\"https:\\\/\\\/www.mj2artesanos.es\\\/blog\\\/wp-content\\\/uploads\\\/2013\\\/05\\\/imagen-destacada.jpg\",\"datePublished\":\"2013-05-16T18:13:59+00:00\",\"dateModified\":\"2025-09-22T10:26:57+00:00\",\"description\":\"All\u00e1 en 2005, a mediados de a\u00f1o, empezamos nuestra andadura profesional en el mundo de las maquetas de la mano de Escala Maquetas.\",\"breadcrumb\":{\"@id\":\"https:\\\/\\\/www.mj2artesanos.es\\\/blog\\\/nuestra-primera-maqueta\\\/#breadcrumb\"},\"inLanguage\":\"en-US\",\"potentialAction\":[{\"@type\":\"ReadAction\",\"target\":[\"https:\\\/\\\/www.mj2artesanos.es\\\/blog\\\/nuestra-primera-maqueta\\\/\"]}]},{\"@type\":\"ImageObject\",\"inLanguage\":\"en-US\",\"@id\":\"https:\\\/\\\/www.mj2artesanos.es\\\/blog\\\/nuestra-primera-maqueta\\\/#primaryimage\",\"url\":\"https:\\\/\\\/www.mj2artesanos.es\\\/blog\\\/wp-content\\\/uploads\\\/2013\\\/05\\\/imagen-destacada.jpg\",\"contentUrl\":\"https:\\\/\\\/www.mj2artesanos.es\\\/blog\\\/wp-content\\\/uploads\\\/2013\\\/05\\\/imagen-destacada.jpg\",\"width\":1000,\"height\":400,\"caption\":\"Maqueta complejo tur\u00edstico\"},{\"@type\":\"BreadcrumbList\",\"@id\":\"https:\\\/\\\/www.mj2artesanos.es\\\/blog\\\/nuestra-primera-maqueta\\\/#breadcrumb\",\"itemListElement\":[{\"@type\":\"ListItem\",\"position\":1,\"name\":\"Portada\",\"item\":\"https:\\\/\\\/www.mj2artesanos.es\\\/blog\\\/\"},{\"@type\":\"ListItem\",\"position\":2,\"name\":\"Nuestra primera maqueta\"}]},{\"@type\":\"WebSite\",\"@id\":\"https:\\\/\\\/www.mj2artesanos.es\\\/blog\\\/#website\",\"url\":\"https:\\\/\\\/www.mj2artesanos.es\\\/blog\\\/\",\"name\":\"[:es]MJ2 Artesanos[:]\",\"description\":\"R\u00e9plicas artesanales inspiradas en historia, arqueolog\u00eda y cine. Piezas hechas a mano para coleccionistas, recreaci\u00f3n y decoraci\u00f3n. Artesan\u00eda \u00fanica.\",\"publisher\":{\"@id\":\"https:\\\/\\\/www.mj2artesanos.es\\\/blog\\\/#organization\"},\"alternateName\":\"Mj2 Artesanos arte desde el taller\",\"potentialAction\":[{\"@type\":\"SearchAction\",\"target\":{\"@type\":\"EntryPoint\",\"urlTemplate\":\"https:\\\/\\\/www.mj2artesanos.es\\\/blog\\\/?s={search_term_string}\"},\"query-input\":{\"@type\":\"PropertyValueSpecification\",\"valueRequired\":true,\"valueName\":\"search_term_string\"}}],\"inLanguage\":\"en-US\"},{\"@type\":\"Organization\",\"@id\":\"https:\\\/\\\/www.mj2artesanos.es\\\/blog\\\/#organization\",\"name\":\"[:es]MJ2 Artesanos[:]\",\"alternateName\":\"Artesanos del tiempo\",\"url\":\"https:\\\/\\\/www.mj2artesanos.es\\\/blog\\\/\",\"logo\":{\"@type\":\"ImageObject\",\"inLanguage\":\"en-US\",\"@id\":\"https:\\\/\\\/www.mj2artesanos.es\\\/blog\\\/#\\\/schema\\\/logo\\\/image\\\/\",\"url\":\"https:\\\/\\\/www.mj2artesanos.es\\\/blog\\\/wp-content\\\/uploads\\\/2025\\\/05\\\/Logo-2025.png\",\"contentUrl\":\"https:\\\/\\\/www.mj2artesanos.es\\\/blog\\\/wp-content\\\/uploads\\\/2025\\\/05\\\/Logo-2025.png\",\"width\":150,\"height\":150,\"caption\":\"[:es]MJ2 Artesanos[:]\"},\"image\":{\"@id\":\"https:\\\/\\\/www.mj2artesanos.es\\\/blog\\\/#\\\/schema\\\/logo\\\/image\\\/\"}},{\"@type\":\"Person\",\"@id\":\"https:\\\/\\\/www.mj2artesanos.es\\\/blog\\\/#\\\/schema\\\/person\\\/d83d8b33e690d56625964d2da25dacbe\",\"name\":\"Mj2\",\"image\":{\"@type\":\"ImageObject\",\"inLanguage\":\"en-US\",\"@id\":\"https:\\\/\\\/secure.gravatar.com\\\/avatar\\\/9531ba13df63e2566b0071be36796c8f49b308e9397edd95b2818fa19deefeff?s=96&d=mm&r=g\",\"url\":\"https:\\\/\\\/secure.gravatar.com\\\/avatar\\\/9531ba13df63e2566b0071be36796c8f49b308e9397edd95b2818fa19deefeff?s=96&d=mm&r=g\",\"contentUrl\":\"https:\\\/\\\/secure.gravatar.com\\\/avatar\\\/9531ba13df63e2566b0071be36796c8f49b308e9397edd95b2818fa19deefeff?s=96&d=mm&r=g\",\"caption\":\"Mj2\"},\"sameAs\":[\"http:\\\/\\\/www.mj2artesanos.es\\\/tienda\"],\"url\":\"https:\\\/\\\/www.mj2artesanos.es\\\/blog\\\/en\\\/author\\\/cedito\\\/\"}]}<\/script>\n<!-- \/ Yoast SEO plugin. -->","yoast_head_json":{"title":"[:es]Nuestra primera maqueta[:en]Our first model.[:] - MJ2 Artesanos","description":"All\u00e1 en 2005, a mediados de a\u00f1o, empezamos nuestra andadura profesional en el mundo de las maquetas de la mano de Escala Maquetas.","robots":{"index":"index","follow":"follow","max-snippet":"max-snippet:-1","max-image-preview":"max-image-preview:large","max-video-preview":"max-video-preview:-1"},"canonical":"https:\/\/www.mj2artesanos.es\/blog\/nuestra-primera-maqueta\/","og_locale":"en_US","og_type":"article","og_title":"[:es]Nuestra primera maqueta[:en]Our first model.[:] - MJ2 Artesanos","og_description":"All\u00e1 en 2005, a mediados de a\u00f1o, empezamos nuestra andadura profesional en el mundo de las maquetas de la mano de Escala Maquetas.","og_url":"https:\/\/www.mj2artesanos.es\/blog\/nuestra-primera-maqueta\/","og_site_name":"MJ2 Artesanos","article_published_time":"2013-05-16T18:13:59+00:00","article_modified_time":"2025-09-22T10:26:57+00:00","og_image":[{"width":1000,"height":400,"url":"https:\/\/www.mj2artesanos.es\/blog\/wp-content\/uploads\/2013\/05\/imagen-destacada.jpg","type":"image\/jpeg"}],"author":"Mj2","twitter_card":"summary_large_image","twitter_misc":{"Written by":"Mj2","Est. reading time":"4 minutes"},"schema":{"@context":"https:\/\/schema.org","@graph":[{"@type":"Article","@id":"https:\/\/www.mj2artesanos.es\/blog\/nuestra-primera-maqueta\/#article","isPartOf":{"@id":"https:\/\/www.mj2artesanos.es\/blog\/nuestra-primera-maqueta\/"},"author":{"name":"Mj2","@id":"https:\/\/www.mj2artesanos.es\/blog\/#\/schema\/person\/d83d8b33e690d56625964d2da25dacbe"},"headline":"Our first model.","datePublished":"2013-05-16T18:13:59+00:00","dateModified":"2025-09-22T10:26:57+00:00","mainEntityOfPage":{"@id":"https:\/\/www.mj2artesanos.es\/blog\/nuestra-primera-maqueta\/"},"wordCount":1060,"commentCount":0,"publisher":{"@id":"https:\/\/www.mj2artesanos.es\/blog\/#organization"},"image":{"@id":"https:\/\/www.mj2artesanos.es\/blog\/nuestra-primera-maqueta\/#primaryimage"},"thumbnailUrl":"https:\/\/www.mj2artesanos.es\/blog\/wp-content\/uploads\/2013\/05\/imagen-destacada.jpg","keywords":["architecture","arquitectura","maqueta","model"],"articleSection":["Models"],"inLanguage":"en-US","potentialAction":[{"@type":"CommentAction","name":"Comment","target":["https:\/\/www.mj2artesanos.es\/blog\/nuestra-primera-maqueta\/#respond"]}]},{"@type":"WebPage","@id":"https:\/\/www.mj2artesanos.es\/blog\/nuestra-primera-maqueta\/","url":"https:\/\/www.mj2artesanos.es\/blog\/nuestra-primera-maqueta\/","name":"[:es]Nuestra primera maqueta[:en]Our first model.[:] - MJ2 Artesanos","isPartOf":{"@id":"https:\/\/www.mj2artesanos.es\/blog\/#website"},"primaryImageOfPage":{"@id":"https:\/\/www.mj2artesanos.es\/blog\/nuestra-primera-maqueta\/#primaryimage"},"image":{"@id":"https:\/\/www.mj2artesanos.es\/blog\/nuestra-primera-maqueta\/#primaryimage"},"thumbnailUrl":"https:\/\/www.mj2artesanos.es\/blog\/wp-content\/uploads\/2013\/05\/imagen-destacada.jpg","datePublished":"2013-05-16T18:13:59+00:00","dateModified":"2025-09-22T10:26:57+00:00","description":"All\u00e1 en 2005, a mediados de a\u00f1o, empezamos nuestra andadura profesional en el mundo de las maquetas de la mano de Escala Maquetas.","breadcrumb":{"@id":"https:\/\/www.mj2artesanos.es\/blog\/nuestra-primera-maqueta\/#breadcrumb"},"inLanguage":"en-US","potentialAction":[{"@type":"ReadAction","target":["https:\/\/www.mj2artesanos.es\/blog\/nuestra-primera-maqueta\/"]}]},{"@type":"ImageObject","inLanguage":"en-US","@id":"https:\/\/www.mj2artesanos.es\/blog\/nuestra-primera-maqueta\/#primaryimage","url":"https:\/\/www.mj2artesanos.es\/blog\/wp-content\/uploads\/2013\/05\/imagen-destacada.jpg","contentUrl":"https:\/\/www.mj2artesanos.es\/blog\/wp-content\/uploads\/2013\/05\/imagen-destacada.jpg","width":1000,"height":400,"caption":"Maqueta complejo tur\u00edstico"},{"@type":"BreadcrumbList","@id":"https:\/\/www.mj2artesanos.es\/blog\/nuestra-primera-maqueta\/#breadcrumb","itemListElement":[{"@type":"ListItem","position":1,"name":"Portada","item":"https:\/\/www.mj2artesanos.es\/blog\/"},{"@type":"ListItem","position":2,"name":"Nuestra primera maqueta"}]},{"@type":"WebSite","@id":"https:\/\/www.mj2artesanos.es\/blog\/#website","url":"https:\/\/www.mj2artesanos.es\/blog\/","name":"[:es]MJ2 Artesanos[:]","description":"R\u00e9plicas artesanales inspiradas en historia, arqueolog\u00eda y cine. Piezas hechas a mano para coleccionistas, recreaci\u00f3n y decoraci\u00f3n. Artesan\u00eda \u00fanica.","publisher":{"@id":"https:\/\/www.mj2artesanos.es\/blog\/#organization"},"alternateName":"Mj2 Artesanos arte desde el taller","potentialAction":[{"@type":"SearchAction","target":{"@type":"EntryPoint","urlTemplate":"https:\/\/www.mj2artesanos.es\/blog\/?s={search_term_string}"},"query-input":{"@type":"PropertyValueSpecification","valueRequired":true,"valueName":"search_term_string"}}],"inLanguage":"en-US"},{"@type":"Organization","@id":"https:\/\/www.mj2artesanos.es\/blog\/#organization","name":"[:es]MJ2 Artesanos[:]","alternateName":"Artesanos del tiempo","url":"https:\/\/www.mj2artesanos.es\/blog\/","logo":{"@type":"ImageObject","inLanguage":"en-US","@id":"https:\/\/www.mj2artesanos.es\/blog\/#\/schema\/logo\/image\/","url":"https:\/\/www.mj2artesanos.es\/blog\/wp-content\/uploads\/2025\/05\/Logo-2025.png","contentUrl":"https:\/\/www.mj2artesanos.es\/blog\/wp-content\/uploads\/2025\/05\/Logo-2025.png","width":150,"height":150,"caption":"[:es]MJ2 Artesanos[:]"},"image":{"@id":"https:\/\/www.mj2artesanos.es\/blog\/#\/schema\/logo\/image\/"}},{"@type":"Person","@id":"https:\/\/www.mj2artesanos.es\/blog\/#\/schema\/person\/d83d8b33e690d56625964d2da25dacbe","name":"Mj2","image":{"@type":"ImageObject","inLanguage":"en-US","@id":"https:\/\/secure.gravatar.com\/avatar\/9531ba13df63e2566b0071be36796c8f49b308e9397edd95b2818fa19deefeff?s=96&d=mm&r=g","url":"https:\/\/secure.gravatar.com\/avatar\/9531ba13df63e2566b0071be36796c8f49b308e9397edd95b2818fa19deefeff?s=96&d=mm&r=g","contentUrl":"https:\/\/secure.gravatar.com\/avatar\/9531ba13df63e2566b0071be36796c8f49b308e9397edd95b2818fa19deefeff?s=96&d=mm&r=g","caption":"Mj2"},"sameAs":["http:\/\/www.mj2artesanos.es\/tienda"],"url":"https:\/\/www.mj2artesanos.es\/blog\/en\/author\/cedito\/"}]}},"author_meta":{"display_name":"Mj2","author_link":"https:\/\/www.mj2artesanos.es\/blog\/en\/author\/cedito\/"},"featured_img":"https:\/\/www.mj2artesanos.es\/blog\/wp-content\/uploads\/2013\/05\/imagen-destacada-300x120.jpg","coauthors":[],"tax_additional":{"categories":{"linked":["<a href=\"https:\/\/www.mj2artesanos.es\/blog\/en\/category\/maquetas\/\" class=\"advgb-post-tax-term\">Models<\/a>"],"unlinked":["<span class=\"advgb-post-tax-term\">Models<\/span>"]},"tags":{"linked":["<a href=\"https:\/\/www.mj2artesanos.es\/blog\/en\/category\/maquetas\/\" class=\"advgb-post-tax-term\">architecture<\/a>","<a href=\"https:\/\/www.mj2artesanos.es\/blog\/en\/category\/maquetas\/\" class=\"advgb-post-tax-term\">arquitectura<\/a>","<a href=\"https:\/\/www.mj2artesanos.es\/blog\/en\/category\/maquetas\/\" class=\"advgb-post-tax-term\">maqueta<\/a>","<a href=\"https:\/\/www.mj2artesanos.es\/blog\/en\/category\/maquetas\/\" class=\"advgb-post-tax-term\">model<\/a>"],"unlinked":["<span class=\"advgb-post-tax-term\">architecture<\/span>","<span class=\"advgb-post-tax-term\">arquitectura<\/span>","<span class=\"advgb-post-tax-term\">maqueta<\/span>","<span class=\"advgb-post-tax-term\">model<\/span>"]}},"comment_count":"0","relative_dates":{"created":"Posted 13 years ago","modified":"Updated 7 months ago"},"absolute_dates":{"created":"Posted on 16 May, 2013","modified":"Updated on 22 September, 2025"},"absolute_dates_time":{"created":"Posted on 16 May, 2013 19:13","modified":"Updated on 22 September, 2025 11:26"},"featured_img_caption":"","series_order":"","_links":{"self":[{"href":"https:\/\/www.mj2artesanos.es\/blog\/en\/wp-json\/wp\/v2\/posts\/775","targetHints":{"allow":["GET"]}}],"collection":[{"href":"https:\/\/www.mj2artesanos.es\/blog\/en\/wp-json\/wp\/v2\/posts"}],"about":[{"href":"https:\/\/www.mj2artesanos.es\/blog\/en\/wp-json\/wp\/v2\/types\/post"}],"author":[{"embeddable":true,"href":"https:\/\/www.mj2artesanos.es\/blog\/en\/wp-json\/wp\/v2\/users\/1"}],"replies":[{"embeddable":true,"href":"https:\/\/www.mj2artesanos.es\/blog\/en\/wp-json\/wp\/v2\/comments?post=775"}],"version-history":[{"count":0,"href":"https:\/\/www.mj2artesanos.es\/blog\/en\/wp-json\/wp\/v2\/posts\/775\/revisions"}],"wp:featuredmedia":[{"embeddable":true,"href":"https:\/\/www.mj2artesanos.es\/blog\/en\/wp-json\/wp\/v2\/media\/825"}],"wp:attachment":[{"href":"https:\/\/www.mj2artesanos.es\/blog\/en\/wp-json\/wp\/v2\/media?parent=775"}],"wp:term":[{"taxonomy":"category","embeddable":true,"href":"https:\/\/www.mj2artesanos.es\/blog\/en\/wp-json\/wp\/v2\/categories?post=775"},{"taxonomy":"post_tag","embeddable":true,"href":"https:\/\/www.mj2artesanos.es\/blog\/en\/wp-json\/wp\/v2\/tags?post=775"}],"curies":[{"name":"wp","href":"https:\/\/api.w.org\/{rel}","templated":true}]}}