{"id":902,"date":"2013-07-09T20:59:56","date_gmt":"2013-07-09T19:59:56","guid":{"rendered":"http:\/\/www.mj2artesanos.es\/blog\/?p=902"},"modified":"2025-09-22T11:39:44","modified_gmt":"2025-09-22T10:39:44","slug":"vagones-de-tren-personalizados","status":"publish","type":"post","link":"https:\/\/www.mj2artesanos.es\/blog\/en\/vagones-de-tren-personalizados\/","title":{"rendered":"Custom railway stock cars."},"content":{"rendered":"<p>Today I will talk about our time like model makers, but this time in the second stage, the railway modellers in Trenes y Maquetas SL (TREYMA). Between model and model, when there was not a large workload, we searched a way to solve the problems we have had in the last model made or how to optimize the way we do it.<\/p>\n<div>\n<dl id=\"attachment_911\">\n<dt><a href=\"http:\/\/www.mj2artesanos.es\/blog\/wp-content\/uploads\/2013\/07\/resized_RIMG0131.jpg\"><img loading=\"lazy\" decoding=\"async\" alt=\"Nasa STS\" src=\"http:\/\/www.mj2artesanos.es\/blog\/wp-content\/uploads\/2013\/07\/resized_RIMG0131-300x225.jpg\" width=\"300\" height=\"225\" \/><\/a><\/dt>\n<dd>Nasa STS<\/dd>\n<\/dl>\n<\/div>\n<p>The acquisition of new machines also made \u200b\u200bus having to become familiar with them and learn their operation to extract all the performance possible. Well, if we add some extra time, problem solving and the new machine, the result is the customization of wagons, locomotives, etc..<\/p>\n<p>One day, we were commissioned to make a model that,\u00a0although it was not large in size, it\u00a0 required many repetitions and it had stickers that needed to be cut. Hence we decided to buy a vinyl cutter.<\/p>\n<p>The plotter we bought was Secabo C30 III, which had a laser positioning system, which allows you, once printed whatever you want to cut in the printer, place it for cutting in the plotter, something more than useful when printing and cut decals.<\/p>\n<div>\n<dl id=\"attachment_905\">\n<dt><a href=\"http:\/\/www.mj2artesanos.es\/blog\/wp-content\/uploads\/2013\/07\/IMAG0007.jpg\"><img loading=\"lazy\" decoding=\"async\" alt=\"Star Wars\" src=\"http:\/\/www.mj2artesanos.es\/blog\/wp-content\/uploads\/2013\/07\/IMAG0007-300x179.jpg\" width=\"300\" height=\"179\" \/><\/a><\/dt>\n<dd>Star Wars<\/dd>\n<\/dl>\n<\/div>\n<p>One problem that most bothered me about the theme of the decals was the decals with white background, which were somewhat thicker than the clear ones, and once placed they let see white edges. Also if they were placed somewhere with a dark background it showed a dark shadow. Well, the solution to this problem was to cut the shape of the decal in a vinyl mask, paint the background in white and place there a transparent decal, the result was more than acceptable, it was almost perfect.<\/p>\n<p>As well as model shop, TREYMA was model train store, and we had H0 scale\u00a0 wagons with which we could test new techniques for painting and labeling of future models.<\/p>\n<div>\n<dl id=\"attachment_917\">\n<dt><a href=\"http:\/\/www.mj2artesanos.es\/blog\/wp-content\/uploads\/2013\/07\/IMG_20110406_150438.jpg\"><img loading=\"lazy\" decoding=\"async\" alt=\"Thor\" src=\"http:\/\/www.mj2artesanos.es\/blog\/wp-content\/uploads\/2013\/07\/IMG_20110406_150438-1024x768.jpg\" width=\"584\" height=\"438\" \/><\/a><\/dt>\n<dd>Thor<\/dd>\n<\/dl>\n<\/div>\n<p><span id=\"result_box\" lang=\"en\"><span class=\"hps\">During the<\/span> <span class=\"hps\">post<\/span> <span class=\"hps\">have you<\/span> <span class=\"hps\">seen<\/span> <span class=\"hps\">pictures of some of<\/span> <span class=\"hps\">our customizations<\/span><span>.<\/span> <span class=\"hps\">Clicking<\/span> <span class=\"hps\">here you have<\/span> <span class=\"hps\">more<\/span> <span class=\"hps\">photos.<\/span><\/span><\/p>","protected":false},"excerpt":{"rendered":"<p class=\"qtranxs-available-languages-message qtranxs-available-languages-message-en\">Sorry, this entry is only available in <a href=\"https:\/\/www.mj2artesanos.es\/blog\/es\/wp-json\/wp\/v2\/posts\/902\" class=\"qtranxs-available-language-link qtranxs-available-language-link-es\" title=\"Espa\u00f1ol\">Espa\u00f1ol<\/a>.<\/p>\n<p>Personalizaci\u00f3n de vagones de tren<\/p>\n","protected":false},"author":1,"featured_media":917,"comment_status":"open","ping_status":"open","sticky":false,"template":"","format":"standard","meta":{"_crdt_document":"","advgb_blocks_editor_width":"","advgb_blocks_columns_visual_guide":"","two_page_speed":[],"footnotes":""},"categories":[197,82],"tags":[214,212,171,215,216,213,217],"class_list":["post-902","post","type-post","status-publish","format-standard","has-post-thumbnail","hentry","category-maquetas","category-personalizacion","tag-h0","tag-maquetas-2","tag-model","tag-railway","tag-stock-cars","tag-trenes","tag-treyma"],"yoast_head":"<!-- This site is optimized with the Yoast SEO plugin v27.4 - https:\/\/yoast.com\/product\/yoast-seo-wordpress\/ -->\n<title>Custom railway stock cars. - MJ2 Artesanos<\/title>\n<meta name=\"description\" content=\"Hoy vuelvo a hablar de nuestra \u00e9poca de maquetistas, pero esta vez de la segunda etapa, la de maquetistas de trenes en Trenes y Maquetas\" \/>\n<meta name=\"robots\" content=\"index, follow, max-snippet:-1, max-image-preview:large, max-video-preview:-1\" \/>\n<link rel=\"canonical\" href=\"https:\/\/www.mj2artesanos.es\/blog\/vagones-de-tren-personalizados\/\" \/>\n<meta property=\"og:locale\" content=\"en_US\" \/>\n<meta property=\"og:type\" content=\"article\" \/>\n<meta property=\"og:title\" content=\"[:es]Vagones de tren personalizados.[:en]Custom railway stock cars.[:] - MJ2 Artesanos\" \/>\n<meta property=\"og:description\" content=\"Hoy vuelvo a hablar de nuestra \u00e9poca de maquetistas, pero esta vez de la segunda etapa, la de maquetistas de trenes en Trenes y Maquetas\" \/>\n<meta property=\"og:url\" content=\"https:\/\/www.mj2artesanos.es\/blog\/vagones-de-tren-personalizados\/\" \/>\n<meta property=\"og:site_name\" content=\"MJ2 Artesanos\" \/>\n<meta property=\"article:published_time\" content=\"2013-07-09T19:59:56+00:00\" \/>\n<meta property=\"article:modified_time\" content=\"2025-09-22T10:39:44+00:00\" \/>\n<meta property=\"og:image\" content=\"https:\/\/www.mj2artesanos.es\/blog\/wp-content\/uploads\/2013\/07\/IMG_20110406_150438.jpg\" \/>\n\t<meta property=\"og:image:width\" content=\"2560\" \/>\n\t<meta property=\"og:image:height\" content=\"1920\" \/>\n\t<meta property=\"og:image:type\" content=\"image\/jpeg\" \/>\n<meta name=\"author\" content=\"Mj2\" \/>\n<meta name=\"twitter:card\" content=\"summary_large_image\" \/>\n<meta name=\"twitter:label1\" content=\"Written by\" \/>\n\t<meta name=\"twitter:data1\" content=\"Mj2\" \/>\n\t<meta name=\"twitter:label2\" content=\"Est. reading time\" \/>\n\t<meta name=\"twitter:data2\" content=\"3 minutes\" \/>\n<script type=\"application\/ld+json\" class=\"yoast-schema-graph\">{\"@context\":\"https:\\\/\\\/schema.org\",\"@graph\":[{\"@type\":\"Article\",\"@id\":\"https:\\\/\\\/www.mj2artesanos.es\\\/blog\\\/vagones-de-tren-personalizados\\\/#article\",\"isPartOf\":{\"@id\":\"https:\\\/\\\/www.mj2artesanos.es\\\/blog\\\/vagones-de-tren-personalizados\\\/\"},\"author\":{\"name\":\"Mj2\",\"@id\":\"https:\\\/\\\/www.mj2artesanos.es\\\/blog\\\/#\\\/schema\\\/person\\\/d83d8b33e690d56625964d2da25dacbe\"},\"headline\":\"Custom railway stock cars.\",\"datePublished\":\"2013-07-09T19:59:56+00:00\",\"dateModified\":\"2025-09-22T10:39:44+00:00\",\"mainEntityOfPage\":{\"@id\":\"https:\\\/\\\/www.mj2artesanos.es\\\/blog\\\/vagones-de-tren-personalizados\\\/\"},\"wordCount\":718,\"commentCount\":0,\"publisher\":{\"@id\":\"https:\\\/\\\/www.mj2artesanos.es\\\/blog\\\/#organization\"},\"image\":{\"@id\":\"https:\\\/\\\/www.mj2artesanos.es\\\/blog\\\/vagones-de-tren-personalizados\\\/#primaryimage\"},\"thumbnailUrl\":\"https:\\\/\\\/www.mj2artesanos.es\\\/blog\\\/wp-content\\\/uploads\\\/2013\\\/07\\\/IMG_20110406_150438.jpg\",\"keywords\":[\"H0\",\"maquetas\",\"model\",\"railway\",\"stock cars\",\"trenes\",\"treyma\"],\"articleSection\":[\"Models\",\"Customize\"],\"inLanguage\":\"en-US\",\"potentialAction\":[{\"@type\":\"CommentAction\",\"name\":\"Comment\",\"target\":[\"https:\\\/\\\/www.mj2artesanos.es\\\/blog\\\/vagones-de-tren-personalizados\\\/#respond\"]}]},{\"@type\":\"WebPage\",\"@id\":\"https:\\\/\\\/www.mj2artesanos.es\\\/blog\\\/vagones-de-tren-personalizados\\\/\",\"url\":\"https:\\\/\\\/www.mj2artesanos.es\\\/blog\\\/vagones-de-tren-personalizados\\\/\",\"name\":\"[:es]Vagones de tren personalizados.[:en]Custom railway stock cars.[:] - MJ2 Artesanos\",\"isPartOf\":{\"@id\":\"https:\\\/\\\/www.mj2artesanos.es\\\/blog\\\/#website\"},\"primaryImageOfPage\":{\"@id\":\"https:\\\/\\\/www.mj2artesanos.es\\\/blog\\\/vagones-de-tren-personalizados\\\/#primaryimage\"},\"image\":{\"@id\":\"https:\\\/\\\/www.mj2artesanos.es\\\/blog\\\/vagones-de-tren-personalizados\\\/#primaryimage\"},\"thumbnailUrl\":\"https:\\\/\\\/www.mj2artesanos.es\\\/blog\\\/wp-content\\\/uploads\\\/2013\\\/07\\\/IMG_20110406_150438.jpg\",\"datePublished\":\"2013-07-09T19:59:56+00:00\",\"dateModified\":\"2025-09-22T10:39:44+00:00\",\"description\":\"Hoy vuelvo a hablar de nuestra \u00e9poca de maquetistas, pero esta vez de la segunda etapa, la de maquetistas de trenes en Trenes y Maquetas\",\"breadcrumb\":{\"@id\":\"https:\\\/\\\/www.mj2artesanos.es\\\/blog\\\/vagones-de-tren-personalizados\\\/#breadcrumb\"},\"inLanguage\":\"en-US\",\"potentialAction\":[{\"@type\":\"ReadAction\",\"target\":[\"https:\\\/\\\/www.mj2artesanos.es\\\/blog\\\/vagones-de-tren-personalizados\\\/\"]}]},{\"@type\":\"ImageObject\",\"inLanguage\":\"en-US\",\"@id\":\"https:\\\/\\\/www.mj2artesanos.es\\\/blog\\\/vagones-de-tren-personalizados\\\/#primaryimage\",\"url\":\"https:\\\/\\\/www.mj2artesanos.es\\\/blog\\\/wp-content\\\/uploads\\\/2013\\\/07\\\/IMG_20110406_150438.jpg\",\"contentUrl\":\"https:\\\/\\\/www.mj2artesanos.es\\\/blog\\\/wp-content\\\/uploads\\\/2013\\\/07\\\/IMG_20110406_150438.jpg\",\"width\":2560,\"height\":1920,\"caption\":\"Thor\"},{\"@type\":\"BreadcrumbList\",\"@id\":\"https:\\\/\\\/www.mj2artesanos.es\\\/blog\\\/vagones-de-tren-personalizados\\\/#breadcrumb\",\"itemListElement\":[{\"@type\":\"ListItem\",\"position\":1,\"name\":\"Portada\",\"item\":\"https:\\\/\\\/www.mj2artesanos.es\\\/blog\\\/\"},{\"@type\":\"ListItem\",\"position\":2,\"name\":\"Vagones de tren personalizados.\"}]},{\"@type\":\"WebSite\",\"@id\":\"https:\\\/\\\/www.mj2artesanos.es\\\/blog\\\/#website\",\"url\":\"https:\\\/\\\/www.mj2artesanos.es\\\/blog\\\/\",\"name\":\"[:es]MJ2 Artesanos[:]\",\"description\":\"R\u00e9plicas artesanales inspiradas en historia, arqueolog\u00eda y cine. Piezas hechas a mano para coleccionistas, recreaci\u00f3n y decoraci\u00f3n. Artesan\u00eda \u00fanica.\",\"publisher\":{\"@id\":\"https:\\\/\\\/www.mj2artesanos.es\\\/blog\\\/#organization\"},\"alternateName\":\"Mj2 Artesanos arte desde el taller\",\"potentialAction\":[{\"@type\":\"SearchAction\",\"target\":{\"@type\":\"EntryPoint\",\"urlTemplate\":\"https:\\\/\\\/www.mj2artesanos.es\\\/blog\\\/?s={search_term_string}\"},\"query-input\":{\"@type\":\"PropertyValueSpecification\",\"valueRequired\":true,\"valueName\":\"search_term_string\"}}],\"inLanguage\":\"en-US\"},{\"@type\":\"Organization\",\"@id\":\"https:\\\/\\\/www.mj2artesanos.es\\\/blog\\\/#organization\",\"name\":\"[:es]MJ2 Artesanos[:]\",\"alternateName\":\"Artesanos del tiempo\",\"url\":\"https:\\\/\\\/www.mj2artesanos.es\\\/blog\\\/\",\"logo\":{\"@type\":\"ImageObject\",\"inLanguage\":\"en-US\",\"@id\":\"https:\\\/\\\/www.mj2artesanos.es\\\/blog\\\/#\\\/schema\\\/logo\\\/image\\\/\",\"url\":\"https:\\\/\\\/www.mj2artesanos.es\\\/blog\\\/wp-content\\\/uploads\\\/2025\\\/05\\\/Logo-2025.png\",\"contentUrl\":\"https:\\\/\\\/www.mj2artesanos.es\\\/blog\\\/wp-content\\\/uploads\\\/2025\\\/05\\\/Logo-2025.png\",\"width\":150,\"height\":150,\"caption\":\"[:es]MJ2 Artesanos[:]\"},\"image\":{\"@id\":\"https:\\\/\\\/www.mj2artesanos.es\\\/blog\\\/#\\\/schema\\\/logo\\\/image\\\/\"}},{\"@type\":\"Person\",\"@id\":\"https:\\\/\\\/www.mj2artesanos.es\\\/blog\\\/#\\\/schema\\\/person\\\/d83d8b33e690d56625964d2da25dacbe\",\"name\":\"Mj2\",\"image\":{\"@type\":\"ImageObject\",\"inLanguage\":\"en-US\",\"@id\":\"https:\\\/\\\/secure.gravatar.com\\\/avatar\\\/9531ba13df63e2566b0071be36796c8f49b308e9397edd95b2818fa19deefeff?s=96&d=mm&r=g\",\"url\":\"https:\\\/\\\/secure.gravatar.com\\\/avatar\\\/9531ba13df63e2566b0071be36796c8f49b308e9397edd95b2818fa19deefeff?s=96&d=mm&r=g\",\"contentUrl\":\"https:\\\/\\\/secure.gravatar.com\\\/avatar\\\/9531ba13df63e2566b0071be36796c8f49b308e9397edd95b2818fa19deefeff?s=96&d=mm&r=g\",\"caption\":\"Mj2\"},\"sameAs\":[\"http:\\\/\\\/www.mj2artesanos.es\\\/tienda\"],\"url\":\"https:\\\/\\\/www.mj2artesanos.es\\\/blog\\\/en\\\/author\\\/cedito\\\/\"}]}<\/script>\n<!-- \/ Yoast SEO plugin. -->","yoast_head_json":{"title":"[:es]Vagones de tren personalizados.[:en]Custom railway stock cars.[:] - MJ2 Artesanos","description":"Hoy vuelvo a hablar de nuestra \u00e9poca de maquetistas, pero esta vez de la segunda etapa, la de maquetistas de trenes en Trenes y Maquetas","robots":{"index":"index","follow":"follow","max-snippet":"max-snippet:-1","max-image-preview":"max-image-preview:large","max-video-preview":"max-video-preview:-1"},"canonical":"https:\/\/www.mj2artesanos.es\/blog\/vagones-de-tren-personalizados\/","og_locale":"en_US","og_type":"article","og_title":"[:es]Vagones de tren personalizados.[:en]Custom railway stock cars.[:] - MJ2 Artesanos","og_description":"Hoy vuelvo a hablar de nuestra \u00e9poca de maquetistas, pero esta vez de la segunda etapa, la de maquetistas de trenes en Trenes y Maquetas","og_url":"https:\/\/www.mj2artesanos.es\/blog\/vagones-de-tren-personalizados\/","og_site_name":"MJ2 Artesanos","article_published_time":"2013-07-09T19:59:56+00:00","article_modified_time":"2025-09-22T10:39:44+00:00","og_image":[{"width":2560,"height":1920,"url":"https:\/\/www.mj2artesanos.es\/blog\/wp-content\/uploads\/2013\/07\/IMG_20110406_150438.jpg","type":"image\/jpeg"}],"author":"Mj2","twitter_card":"summary_large_image","twitter_misc":{"Written by":"Mj2","Est. reading time":"3 minutes"},"schema":{"@context":"https:\/\/schema.org","@graph":[{"@type":"Article","@id":"https:\/\/www.mj2artesanos.es\/blog\/vagones-de-tren-personalizados\/#article","isPartOf":{"@id":"https:\/\/www.mj2artesanos.es\/blog\/vagones-de-tren-personalizados\/"},"author":{"name":"Mj2","@id":"https:\/\/www.mj2artesanos.es\/blog\/#\/schema\/person\/d83d8b33e690d56625964d2da25dacbe"},"headline":"Custom railway stock cars.","datePublished":"2013-07-09T19:59:56+00:00","dateModified":"2025-09-22T10:39:44+00:00","mainEntityOfPage":{"@id":"https:\/\/www.mj2artesanos.es\/blog\/vagones-de-tren-personalizados\/"},"wordCount":718,"commentCount":0,"publisher":{"@id":"https:\/\/www.mj2artesanos.es\/blog\/#organization"},"image":{"@id":"https:\/\/www.mj2artesanos.es\/blog\/vagones-de-tren-personalizados\/#primaryimage"},"thumbnailUrl":"https:\/\/www.mj2artesanos.es\/blog\/wp-content\/uploads\/2013\/07\/IMG_20110406_150438.jpg","keywords":["H0","maquetas","model","railway","stock cars","trenes","treyma"],"articleSection":["Models","Customize"],"inLanguage":"en-US","potentialAction":[{"@type":"CommentAction","name":"Comment","target":["https:\/\/www.mj2artesanos.es\/blog\/vagones-de-tren-personalizados\/#respond"]}]},{"@type":"WebPage","@id":"https:\/\/www.mj2artesanos.es\/blog\/vagones-de-tren-personalizados\/","url":"https:\/\/www.mj2artesanos.es\/blog\/vagones-de-tren-personalizados\/","name":"[:es]Vagones de tren personalizados.[:en]Custom railway stock cars.[:] - MJ2 Artesanos","isPartOf":{"@id":"https:\/\/www.mj2artesanos.es\/blog\/#website"},"primaryImageOfPage":{"@id":"https:\/\/www.mj2artesanos.es\/blog\/vagones-de-tren-personalizados\/#primaryimage"},"image":{"@id":"https:\/\/www.mj2artesanos.es\/blog\/vagones-de-tren-personalizados\/#primaryimage"},"thumbnailUrl":"https:\/\/www.mj2artesanos.es\/blog\/wp-content\/uploads\/2013\/07\/IMG_20110406_150438.jpg","datePublished":"2013-07-09T19:59:56+00:00","dateModified":"2025-09-22T10:39:44+00:00","description":"Hoy vuelvo a hablar de nuestra \u00e9poca de maquetistas, pero esta vez de la segunda etapa, la de maquetistas de trenes en Trenes y Maquetas","breadcrumb":{"@id":"https:\/\/www.mj2artesanos.es\/blog\/vagones-de-tren-personalizados\/#breadcrumb"},"inLanguage":"en-US","potentialAction":[{"@type":"ReadAction","target":["https:\/\/www.mj2artesanos.es\/blog\/vagones-de-tren-personalizados\/"]}]},{"@type":"ImageObject","inLanguage":"en-US","@id":"https:\/\/www.mj2artesanos.es\/blog\/vagones-de-tren-personalizados\/#primaryimage","url":"https:\/\/www.mj2artesanos.es\/blog\/wp-content\/uploads\/2013\/07\/IMG_20110406_150438.jpg","contentUrl":"https:\/\/www.mj2artesanos.es\/blog\/wp-content\/uploads\/2013\/07\/IMG_20110406_150438.jpg","width":2560,"height":1920,"caption":"Thor"},{"@type":"BreadcrumbList","@id":"https:\/\/www.mj2artesanos.es\/blog\/vagones-de-tren-personalizados\/#breadcrumb","itemListElement":[{"@type":"ListItem","position":1,"name":"Portada","item":"https:\/\/www.mj2artesanos.es\/blog\/"},{"@type":"ListItem","position":2,"name":"Vagones de tren personalizados."}]},{"@type":"WebSite","@id":"https:\/\/www.mj2artesanos.es\/blog\/#website","url":"https:\/\/www.mj2artesanos.es\/blog\/","name":"[:es]MJ2 Artesanos[:]","description":"R\u00e9plicas artesanales inspiradas en historia, arqueolog\u00eda y cine. Piezas hechas a mano para coleccionistas, recreaci\u00f3n y decoraci\u00f3n. Artesan\u00eda \u00fanica.","publisher":{"@id":"https:\/\/www.mj2artesanos.es\/blog\/#organization"},"alternateName":"Mj2 Artesanos arte desde el taller","potentialAction":[{"@type":"SearchAction","target":{"@type":"EntryPoint","urlTemplate":"https:\/\/www.mj2artesanos.es\/blog\/?s={search_term_string}"},"query-input":{"@type":"PropertyValueSpecification","valueRequired":true,"valueName":"search_term_string"}}],"inLanguage":"en-US"},{"@type":"Organization","@id":"https:\/\/www.mj2artesanos.es\/blog\/#organization","name":"[:es]MJ2 Artesanos[:]","alternateName":"Artesanos del tiempo","url":"https:\/\/www.mj2artesanos.es\/blog\/","logo":{"@type":"ImageObject","inLanguage":"en-US","@id":"https:\/\/www.mj2artesanos.es\/blog\/#\/schema\/logo\/image\/","url":"https:\/\/www.mj2artesanos.es\/blog\/wp-content\/uploads\/2025\/05\/Logo-2025.png","contentUrl":"https:\/\/www.mj2artesanos.es\/blog\/wp-content\/uploads\/2025\/05\/Logo-2025.png","width":150,"height":150,"caption":"[:es]MJ2 Artesanos[:]"},"image":{"@id":"https:\/\/www.mj2artesanos.es\/blog\/#\/schema\/logo\/image\/"}},{"@type":"Person","@id":"https:\/\/www.mj2artesanos.es\/blog\/#\/schema\/person\/d83d8b33e690d56625964d2da25dacbe","name":"Mj2","image":{"@type":"ImageObject","inLanguage":"en-US","@id":"https:\/\/secure.gravatar.com\/avatar\/9531ba13df63e2566b0071be36796c8f49b308e9397edd95b2818fa19deefeff?s=96&d=mm&r=g","url":"https:\/\/secure.gravatar.com\/avatar\/9531ba13df63e2566b0071be36796c8f49b308e9397edd95b2818fa19deefeff?s=96&d=mm&r=g","contentUrl":"https:\/\/secure.gravatar.com\/avatar\/9531ba13df63e2566b0071be36796c8f49b308e9397edd95b2818fa19deefeff?s=96&d=mm&r=g","caption":"Mj2"},"sameAs":["http:\/\/www.mj2artesanos.es\/tienda"],"url":"https:\/\/www.mj2artesanos.es\/blog\/en\/author\/cedito\/"}]}},"author_meta":{"display_name":"Mj2","author_link":"https:\/\/www.mj2artesanos.es\/blog\/en\/author\/cedito\/"},"featured_img":"https:\/\/www.mj2artesanos.es\/blog\/wp-content\/uploads\/2013\/07\/IMG_20110406_150438-300x225.jpg","coauthors":[],"tax_additional":{"categories":{"linked":["<a href=\"https:\/\/www.mj2artesanos.es\/blog\/en\/category\/maquetas\/\" class=\"advgb-post-tax-term\">Models<\/a>","<a href=\"https:\/\/www.mj2artesanos.es\/blog\/en\/category\/personalizacion\/\" class=\"advgb-post-tax-term\">Customize<\/a>"],"unlinked":["<span class=\"advgb-post-tax-term\">Models<\/span>","<span class=\"advgb-post-tax-term\">Customize<\/span>"]},"tags":{"linked":["<a href=\"https:\/\/www.mj2artesanos.es\/blog\/en\/category\/personalizacion\/\" class=\"advgb-post-tax-term\">H0<\/a>","<a href=\"https:\/\/www.mj2artesanos.es\/blog\/en\/category\/personalizacion\/\" class=\"advgb-post-tax-term\">maquetas<\/a>","<a href=\"https:\/\/www.mj2artesanos.es\/blog\/en\/category\/personalizacion\/\" class=\"advgb-post-tax-term\">model<\/a>","<a href=\"https:\/\/www.mj2artesanos.es\/blog\/en\/category\/personalizacion\/\" class=\"advgb-post-tax-term\">railway<\/a>","<a href=\"https:\/\/www.mj2artesanos.es\/blog\/en\/category\/personalizacion\/\" class=\"advgb-post-tax-term\">stock cars<\/a>","<a href=\"https:\/\/www.mj2artesanos.es\/blog\/en\/category\/personalizacion\/\" class=\"advgb-post-tax-term\">trenes<\/a>","<a href=\"https:\/\/www.mj2artesanos.es\/blog\/en\/category\/personalizacion\/\" class=\"advgb-post-tax-term\">treyma<\/a>"],"unlinked":["<span class=\"advgb-post-tax-term\">H0<\/span>","<span class=\"advgb-post-tax-term\">maquetas<\/span>","<span class=\"advgb-post-tax-term\">model<\/span>","<span class=\"advgb-post-tax-term\">railway<\/span>","<span class=\"advgb-post-tax-term\">stock cars<\/span>","<span class=\"advgb-post-tax-term\">trenes<\/span>","<span class=\"advgb-post-tax-term\">treyma<\/span>"]}},"comment_count":"0","relative_dates":{"created":"Posted 13 years ago","modified":"Updated 7 months ago"},"absolute_dates":{"created":"Posted on 9 July, 2013","modified":"Updated on 22 September, 2025"},"absolute_dates_time":{"created":"Posted on 9 July, 2013 20:59","modified":"Updated on 22 September, 2025 11:39"},"featured_img_caption":"Thor","series_order":"","_links":{"self":[{"href":"https:\/\/www.mj2artesanos.es\/blog\/en\/wp-json\/wp\/v2\/posts\/902","targetHints":{"allow":["GET"]}}],"collection":[{"href":"https:\/\/www.mj2artesanos.es\/blog\/en\/wp-json\/wp\/v2\/posts"}],"about":[{"href":"https:\/\/www.mj2artesanos.es\/blog\/en\/wp-json\/wp\/v2\/types\/post"}],"author":[{"embeddable":true,"href":"https:\/\/www.mj2artesanos.es\/blog\/en\/wp-json\/wp\/v2\/users\/1"}],"replies":[{"embeddable":true,"href":"https:\/\/www.mj2artesanos.es\/blog\/en\/wp-json\/wp\/v2\/comments?post=902"}],"version-history":[{"count":0,"href":"https:\/\/www.mj2artesanos.es\/blog\/en\/wp-json\/wp\/v2\/posts\/902\/revisions"}],"wp:featuredmedia":[{"embeddable":true,"href":"https:\/\/www.mj2artesanos.es\/blog\/en\/wp-json\/wp\/v2\/media\/917"}],"wp:attachment":[{"href":"https:\/\/www.mj2artesanos.es\/blog\/en\/wp-json\/wp\/v2\/media?parent=902"}],"wp:term":[{"taxonomy":"category","embeddable":true,"href":"https:\/\/www.mj2artesanos.es\/blog\/en\/wp-json\/wp\/v2\/categories?post=902"},{"taxonomy":"post_tag","embeddable":true,"href":"https:\/\/www.mj2artesanos.es\/blog\/en\/wp-json\/wp\/v2\/tags?post=902"}],"curies":[{"name":"wp","href":"https:\/\/api.w.org\/{rel}","templated":true}]}}