{"id":354,"date":"2012-09-11T10:52:09","date_gmt":"2012-09-11T08:52:09","guid":{"rendered":"http:\/\/www.mj2artesanos.es\/blog\/?p=354"},"modified":"2025-09-21T18:29:08","modified_gmt":"2025-09-21T17:29:08","slug":"mapa-de-la-tierra-media","status":"publish","type":"post","link":"https:\/\/www.mj2artesanos.es\/blog\/mapa-de-la-tierra-media\/","title":{"rendered":"Mapa de la Tierra Media"},"content":{"rendered":"<p>La idea de hacer este mapa sali\u00f3 simplemente de las ganas de probar un grabador de vidrio \u00abDremel Engraver\u00bb que Miguel me regal\u00f3. No se trata de una herramienta giratoria como la mayor\u00eda de herramientas de Dremel, si no un punz\u00f3n que va hacia adelante y hacia atr\u00e1s.<\/p>\n<figure id=\"attachment_358\" aria-describedby=\"caption-attachment-358\" style=\"width: 315px\" class=\"wp-caption aligncenter\"><a href=\"https:\/\/www.mj2artesanos.es\/blog\/wp-content\/uploads\/2012\/09\/B261368.jpg\"><img loading=\"lazy\" decoding=\"async\" class=\"size-full wp-image-358\" title=\"Dremel Engraver\" src=\"https:\/\/www.mj2artesanos.es\/blog\/wp-content\/uploads\/2012\/09\/B261368.jpg\" alt=\"Dremel Engraver\" width=\"315\" height=\"315\" srcset=\"https:\/\/www.mj2artesanos.es\/blog\/wp-content\/uploads\/2012\/09\/B261368.jpg 315w, https:\/\/www.mj2artesanos.es\/blog\/wp-content\/uploads\/2012\/09\/B261368-150x150.jpg 150w, https:\/\/www.mj2artesanos.es\/blog\/wp-content\/uploads\/2012\/09\/B261368-300x300.jpg 300w\" sizes=\"auto, (max-width: 315px) 100vw, 315px\" \/><\/a><figcaption id=\"caption-attachment-358\" class=\"wp-caption-text\">Dremel Engraver<\/figcaption><\/figure>\n<p>La realizaci\u00f3n es s\u00f3lo cuesti\u00f3n de paciencia, puesto que el dibujo es calcado, as\u00ed que fue cuesti\u00f3n de un par de tardes.<\/p>\n<figure id=\"attachment_359\" aria-describedby=\"caption-attachment-359\" style=\"width: 584px\" class=\"wp-caption aligncenter\"><a href=\"https:\/\/www.mj2artesanos.es\/blog\/wp-content\/uploads\/2012\/09\/1.jpg\"><img loading=\"lazy\" decoding=\"async\" class=\"size-large wp-image-359\" title=\"Primer d\u00eda de grabado\" src=\"https:\/\/www.mj2artesanos.es\/blog\/wp-content\/uploads\/2012\/09\/1-1024x910.jpg\" alt=\"Primer d\u00eda de grabado \" width=\"584\" height=\"518\" srcset=\"https:\/\/www.mj2artesanos.es\/blog\/wp-content\/uploads\/2012\/09\/1-1024x910.jpg 1024w, https:\/\/www.mj2artesanos.es\/blog\/wp-content\/uploads\/2012\/09\/1-300x266.jpg 300w, https:\/\/www.mj2artesanos.es\/blog\/wp-content\/uploads\/2012\/09\/1-337x300.jpg 337w, https:\/\/www.mj2artesanos.es\/blog\/wp-content\/uploads\/2012\/09\/1.jpg 1215w\" sizes=\"auto, (max-width: 584px) 100vw, 584px\" \/><\/a><figcaption id=\"caption-attachment-359\" class=\"wp-caption-text\">Primer d\u00eda de grabado<\/figcaption><\/figure>\n<p>Pues bien, pens\u00e9 que las partes grabadas brillar\u00edan si le pon\u00eda una iluminaci\u00f3n lateral, aunque no es f\u00e1cil que quede una luz homog\u00e9nea.<\/p>\n<figure id=\"attachment_360\" aria-describedby=\"caption-attachment-360\" style=\"width: 584px\" class=\"wp-caption aligncenter\"><a href=\"https:\/\/www.mj2artesanos.es\/blog\/wp-content\/uploads\/2012\/09\/2.jpg\"><img loading=\"lazy\" decoding=\"async\" class=\"size-large wp-image-360\" title=\"Primera prueba de iluminaci\u00f3n\" src=\"https:\/\/www.mj2artesanos.es\/blog\/wp-content\/uploads\/2012\/09\/2-1024x877.jpg\" alt=\"Primera prueba de iluminaci\u00f3n\" width=\"584\" height=\"500\" srcset=\"https:\/\/www.mj2artesanos.es\/blog\/wp-content\/uploads\/2012\/09\/2-1024x877.jpg 1024w, https:\/\/www.mj2artesanos.es\/blog\/wp-content\/uploads\/2012\/09\/2-300x256.jpg 300w, https:\/\/www.mj2artesanos.es\/blog\/wp-content\/uploads\/2012\/09\/2-350x300.jpg 350w, https:\/\/www.mj2artesanos.es\/blog\/wp-content\/uploads\/2012\/09\/2.jpg 1261w\" sizes=\"auto, (max-width: 584px) 100vw, 584px\" \/><\/a><figcaption id=\"caption-attachment-360\" class=\"wp-caption-text\">Primera prueba de iluminaci\u00f3n<\/figcaption><\/figure>\n<p>Para poder poner una tira de leds e iluminar el contorno tuve que hacer un marco a medida con hueco suficiente. Estas tiras se venden en tiendas de electr\u00f3nica, y aunque algunas vienen ya con su fuente de alimentaci\u00f3n propia, normalmente las venden de 9v, 12v y 24v.<\/p>\n<figure id=\"attachment_361\" aria-describedby=\"caption-attachment-361\" style=\"width: 584px\" class=\"wp-caption aligncenter\"><a href=\"https:\/\/www.mj2artesanos.es\/blog\/wp-content\/uploads\/2012\/09\/3-Large.jpg\"><img loading=\"lazy\" decoding=\"async\" class=\"size-large wp-image-361\" title=\"Resultado final sin luz\" src=\"https:\/\/www.mj2artesanos.es\/blog\/wp-content\/uploads\/2012\/09\/3-Large-1024x800.jpg\" alt=\"Resultado final sin luz\" width=\"584\" height=\"456\" srcset=\"https:\/\/www.mj2artesanos.es\/blog\/wp-content\/uploads\/2012\/09\/3-Large-1024x800.jpg 1024w, https:\/\/www.mj2artesanos.es\/blog\/wp-content\/uploads\/2012\/09\/3-Large-300x234.jpg 300w, https:\/\/www.mj2artesanos.es\/blog\/wp-content\/uploads\/2012\/09\/3-Large-383x300.jpg 383w, https:\/\/www.mj2artesanos.es\/blog\/wp-content\/uploads\/2012\/09\/3-Large.jpg 1381w\" sizes=\"auto, (max-width: 584px) 100vw, 584px\" \/><\/a><figcaption id=\"caption-attachment-361\" class=\"wp-caption-text\">Resultado final sin luz<\/figcaption><\/figure>\n<figure id=\"attachment_362\" aria-describedby=\"caption-attachment-362\" style=\"width: 584px\" class=\"wp-caption aligncenter\"><a href=\"https:\/\/www.mj2artesanos.es\/blog\/wp-content\/uploads\/2012\/09\/2-Large.jpg\"><img loading=\"lazy\" decoding=\"async\" class=\"size-large wp-image-362\" title=\"Resultado final iluminado\" src=\"https:\/\/www.mj2artesanos.es\/blog\/wp-content\/uploads\/2012\/09\/2-Large-1024x752.jpg\" alt=\"Resultado final iluminado\" width=\"584\" height=\"428\" srcset=\"https:\/\/www.mj2artesanos.es\/blog\/wp-content\/uploads\/2012\/09\/2-Large-1024x752.jpg 1024w, https:\/\/www.mj2artesanos.es\/blog\/wp-content\/uploads\/2012\/09\/2-Large-300x220.jpg 300w, https:\/\/www.mj2artesanos.es\/blog\/wp-content\/uploads\/2012\/09\/2-Large-408x300.jpg 408w, https:\/\/www.mj2artesanos.es\/blog\/wp-content\/uploads\/2012\/09\/2-Large.jpg 1469w\" sizes=\"auto, (max-width: 584px) 100vw, 584px\" \/><\/a><figcaption id=\"caption-attachment-362\" class=\"wp-caption-text\">Resultado final iluminado<\/figcaption><\/figure>\n<p>La pena es que en el primer viaje que hizo en coche desde el taller donde le hice el marco hasta casa&#8230; se rompi\u00f3 el cristal por la mitad. Bueno, a lo mejor alg\u00fan d\u00eda repetimos.<\/p>\n<figure id=\"attachment_363\" aria-describedby=\"caption-attachment-363\" style=\"width: 584px\" class=\"wp-caption aligncenter\"><a href=\"https:\/\/www.mj2artesanos.es\/blog\/wp-content\/uploads\/2012\/09\/DSC_0182.jpg\"><img loading=\"lazy\" decoding=\"async\" class=\"size-large wp-image-363\" title=\"Rotura\" src=\"https:\/\/www.mj2artesanos.es\/blog\/wp-content\/uploads\/2012\/09\/DSC_0182-1024x686.jpg\" alt=\"Rotura\" width=\"584\" height=\"391\" srcset=\"https:\/\/www.mj2artesanos.es\/blog\/wp-content\/uploads\/2012\/09\/DSC_0182-1024x686.jpg 1024w, https:\/\/www.mj2artesanos.es\/blog\/wp-content\/uploads\/2012\/09\/DSC_0182-300x201.jpg 300w, https:\/\/www.mj2artesanos.es\/blog\/wp-content\/uploads\/2012\/09\/DSC_0182-447x300.jpg 447w, https:\/\/www.mj2artesanos.es\/blog\/wp-content\/uploads\/2012\/09\/DSC_0182-120x80.jpg 120w, https:\/\/www.mj2artesanos.es\/blog\/wp-content\/uploads\/2012\/09\/DSC_0182.jpg 1611w\" sizes=\"auto, (max-width: 584px) 100vw, 584px\" \/><\/a><figcaption id=\"caption-attachment-363\" class=\"wp-caption-text\">Rotura<\/figcaption><\/figure>\n<p>(El cristal era de un marco de esos que van montados sin moldura, as\u00ed que es f\u00e1cil encontrar uno de la misma medida, es algo que hay que tener en cuenta al hacer manualidades, buscar materiales que sean f\u00e1cilmente reemplazables, si partimos de algo que nos encontramos y que nos inspira&#8230;ser\u00e1 tambi\u00e9n una manualidad, pero una pieza \u00fanica)<\/p>","protected":false},"excerpt":{"rendered":"<p>Grabado en metacrilato del mapa de la tierra media<\/p>\n","protected":false},"author":1,"featured_media":362,"comment_status":"open","ping_status":"open","sticky":false,"template":"","format":"standard","meta":{"_crdt_document":"","advgb_blocks_editor_width":"","advgb_blocks_columns_visual_guide":"","two_page_speed":[],"footnotes":""},"categories":[23,1],"tags":[20,110,19,114,112,109,111,113,108,21],"class_list":["post-354","post","type-post","status-publish","format-standard","has-post-thumbnail","hentry","category-el-senor-de-los-anillos-replicas","category-replicas","tag-el-senor-de-los-anillos","tag-esdla","tag-lord-of-the-rings","tag-lotr","tag-map","tag-mapa","tag-mapa-iluminado","tag-middle-earth","tag-tierra-media","tag-tolkien"],"yoast_head":"<!-- This site is optimized with the Yoast SEO plugin v27.5 - https:\/\/yoast.com\/product\/yoast-seo-wordpress\/ -->\n<title>Mapa de la Tierra Media - MJ2 Artesanos<\/title>\n<meta name=\"description\" content=\"La idea de hacer este mapa sali\u00f3 simplemente de las ganas de probar un grabador de vidrio &quot;Dremel Engraver&quot; que Miguel me regal\u00f3. No se tra\" \/>\n<meta name=\"robots\" content=\"index, follow, max-snippet:-1, max-image-preview:large, max-video-preview:-1\" \/>\n<link rel=\"canonical\" href=\"https:\/\/www.mj2artesanos.es\/blog\/mapa-de-la-tierra-media\/\" \/>\n<meta property=\"og:locale\" content=\"es_ES\" \/>\n<meta property=\"og:type\" content=\"article\" \/>\n<meta property=\"og:title\" content=\"[:es]Mapa de la Tierra Media[:en]Middle Earth Map[:] - MJ2 Artesanos\" \/>\n<meta property=\"og:description\" content=\"La idea de hacer este mapa sali\u00f3 simplemente de las ganas de probar un grabador de vidrio &quot;Dremel Engraver&quot; que Miguel me regal\u00f3. No se tra\" \/>\n<meta property=\"og:url\" content=\"https:\/\/www.mj2artesanos.es\/blog\/mapa-de-la-tierra-media\/\" \/>\n<meta property=\"og:site_name\" content=\"MJ2 Artesanos\" \/>\n<meta property=\"article:published_time\" content=\"2012-09-11T08:52:09+00:00\" \/>\n<meta property=\"article:modified_time\" content=\"2025-09-21T17:29:08+00:00\" \/>\n<meta property=\"og:image\" content=\"https:\/\/www.mj2artesanos.es\/blog\/wp-content\/uploads\/2012\/09\/2-Large.jpg\" \/>\n\t<meta property=\"og:image:width\" content=\"1469\" \/>\n\t<meta property=\"og:image:height\" content=\"1080\" \/>\n\t<meta property=\"og:image:type\" content=\"image\/jpeg\" \/>\n<meta name=\"author\" content=\"Mj2\" \/>\n<meta name=\"twitter:card\" content=\"summary_large_image\" \/>\n<meta name=\"twitter:label1\" content=\"Escrito por\" \/>\n\t<meta name=\"twitter:data1\" content=\"Mj2\" \/>\n\t<meta name=\"twitter:label2\" content=\"Tiempo de lectura\" \/>\n\t<meta name=\"twitter:data2\" content=\"3 minutos\" \/>\n<script type=\"application\/ld+json\" class=\"yoast-schema-graph\">{\"@context\":\"https:\\\/\\\/schema.org\",\"@graph\":[{\"@type\":\"Article\",\"@id\":\"https:\\\/\\\/www.mj2artesanos.es\\\/blog\\\/mapa-de-la-tierra-media\\\/#article\",\"isPartOf\":{\"@id\":\"https:\\\/\\\/www.mj2artesanos.es\\\/blog\\\/mapa-de-la-tierra-media\\\/\"},\"author\":{\"name\":\"Mj2\",\"@id\":\"https:\\\/\\\/www.mj2artesanos.es\\\/blog\\\/#\\\/schema\\\/person\\\/d83d8b33e690d56625964d2da25dacbe\"},\"headline\":\"Mapa de la Tierra Media\",\"datePublished\":\"2012-09-11T08:52:09+00:00\",\"dateModified\":\"2025-09-21T17:29:08+00:00\",\"mainEntityOfPage\":{\"@id\":\"https:\\\/\\\/www.mj2artesanos.es\\\/blog\\\/mapa-de-la-tierra-media\\\/\"},\"wordCount\":621,\"commentCount\":0,\"publisher\":{\"@id\":\"https:\\\/\\\/www.mj2artesanos.es\\\/blog\\\/#organization\"},\"image\":{\"@id\":\"https:\\\/\\\/www.mj2artesanos.es\\\/blog\\\/mapa-de-la-tierra-media\\\/#primaryimage\"},\"thumbnailUrl\":\"https:\\\/\\\/www.mj2artesanos.es\\\/blog\\\/wp-content\\\/uploads\\\/2012\\\/09\\\/2-Large.jpg\",\"keywords\":[\"el se\u00f1or de los anillos\",\"esdla\",\"lord of the rings\",\"lotr\",\"map\",\"mapa\",\"mapa iluminado\",\"middle earth\",\"Tierra media\",\"tolkien\"],\"articleSection\":[\"El se\u00f1or de los anillos\",\"R\u00e9plicas\"],\"inLanguage\":\"es\",\"potentialAction\":[{\"@type\":\"CommentAction\",\"name\":\"Comment\",\"target\":[\"https:\\\/\\\/www.mj2artesanos.es\\\/blog\\\/mapa-de-la-tierra-media\\\/#respond\"]}]},{\"@type\":\"WebPage\",\"@id\":\"https:\\\/\\\/www.mj2artesanos.es\\\/blog\\\/mapa-de-la-tierra-media\\\/\",\"url\":\"https:\\\/\\\/www.mj2artesanos.es\\\/blog\\\/mapa-de-la-tierra-media\\\/\",\"name\":\"[:es]Mapa de la Tierra Media[:en]Middle Earth Map[:] - MJ2 Artesanos\",\"isPartOf\":{\"@id\":\"https:\\\/\\\/www.mj2artesanos.es\\\/blog\\\/#website\"},\"primaryImageOfPage\":{\"@id\":\"https:\\\/\\\/www.mj2artesanos.es\\\/blog\\\/mapa-de-la-tierra-media\\\/#primaryimage\"},\"image\":{\"@id\":\"https:\\\/\\\/www.mj2artesanos.es\\\/blog\\\/mapa-de-la-tierra-media\\\/#primaryimage\"},\"thumbnailUrl\":\"https:\\\/\\\/www.mj2artesanos.es\\\/blog\\\/wp-content\\\/uploads\\\/2012\\\/09\\\/2-Large.jpg\",\"datePublished\":\"2012-09-11T08:52:09+00:00\",\"dateModified\":\"2025-09-21T17:29:08+00:00\",\"description\":\"La idea de hacer este mapa sali\u00f3 simplemente de las ganas de probar un grabador de vidrio \\\"Dremel Engraver\\\" que Miguel me regal\u00f3. No se tra\",\"breadcrumb\":{\"@id\":\"https:\\\/\\\/www.mj2artesanos.es\\\/blog\\\/mapa-de-la-tierra-media\\\/#breadcrumb\"},\"inLanguage\":\"es\",\"potentialAction\":[{\"@type\":\"ReadAction\",\"target\":[\"https:\\\/\\\/www.mj2artesanos.es\\\/blog\\\/mapa-de-la-tierra-media\\\/\"]}]},{\"@type\":\"ImageObject\",\"inLanguage\":\"es\",\"@id\":\"https:\\\/\\\/www.mj2artesanos.es\\\/blog\\\/mapa-de-la-tierra-media\\\/#primaryimage\",\"url\":\"https:\\\/\\\/www.mj2artesanos.es\\\/blog\\\/wp-content\\\/uploads\\\/2012\\\/09\\\/2-Large.jpg\",\"contentUrl\":\"https:\\\/\\\/www.mj2artesanos.es\\\/blog\\\/wp-content\\\/uploads\\\/2012\\\/09\\\/2-Large.jpg\",\"width\":\"1469\",\"height\":\"1080\",\"caption\":\"Resultado final iluminado\"},{\"@type\":\"BreadcrumbList\",\"@id\":\"https:\\\/\\\/www.mj2artesanos.es\\\/blog\\\/mapa-de-la-tierra-media\\\/#breadcrumb\",\"itemListElement\":[{\"@type\":\"ListItem\",\"position\":1,\"name\":\"Portada\",\"item\":\"https:\\\/\\\/www.mj2artesanos.es\\\/blog\\\/\"},{\"@type\":\"ListItem\",\"position\":2,\"name\":\"Mapa de la Tierra Media\"}]},{\"@type\":\"WebSite\",\"@id\":\"https:\\\/\\\/www.mj2artesanos.es\\\/blog\\\/#website\",\"url\":\"https:\\\/\\\/www.mj2artesanos.es\\\/blog\\\/\",\"name\":\"[:es]MJ2 Artesanos[:]\",\"description\":\"R\u00e9plicas artesanales inspiradas en historia, arqueolog\u00eda y cine. Piezas hechas a mano para coleccionistas, recreaci\u00f3n y decoraci\u00f3n. Artesan\u00eda \u00fanica.\",\"publisher\":{\"@id\":\"https:\\\/\\\/www.mj2artesanos.es\\\/blog\\\/#organization\"},\"alternateName\":\"Mj2 Artesanos arte desde el taller\",\"potentialAction\":[{\"@type\":\"SearchAction\",\"target\":{\"@type\":\"EntryPoint\",\"urlTemplate\":\"https:\\\/\\\/www.mj2artesanos.es\\\/blog\\\/?s={search_term_string}\"},\"query-input\":{\"@type\":\"PropertyValueSpecification\",\"valueRequired\":true,\"valueName\":\"search_term_string\"}}],\"inLanguage\":\"es\"},{\"@type\":\"Organization\",\"@id\":\"https:\\\/\\\/www.mj2artesanos.es\\\/blog\\\/#organization\",\"name\":\"[:es]MJ2 Artesanos[:]\",\"alternateName\":\"Artesanos del tiempo\",\"url\":\"https:\\\/\\\/www.mj2artesanos.es\\\/blog\\\/\",\"logo\":{\"@type\":\"ImageObject\",\"inLanguage\":\"es\",\"@id\":\"https:\\\/\\\/www.mj2artesanos.es\\\/blog\\\/#\\\/schema\\\/logo\\\/image\\\/\",\"url\":\"https:\\\/\\\/www.mj2artesanos.es\\\/blog\\\/wp-content\\\/uploads\\\/2025\\\/05\\\/Logo-2025.png\",\"contentUrl\":\"https:\\\/\\\/www.mj2artesanos.es\\\/blog\\\/wp-content\\\/uploads\\\/2025\\\/05\\\/Logo-2025.png\",\"width\":150,\"height\":150,\"caption\":\"[:es]MJ2 Artesanos[:]\"},\"image\":{\"@id\":\"https:\\\/\\\/www.mj2artesanos.es\\\/blog\\\/#\\\/schema\\\/logo\\\/image\\\/\"}},{\"@type\":\"Person\",\"@id\":\"https:\\\/\\\/www.mj2artesanos.es\\\/blog\\\/#\\\/schema\\\/person\\\/d83d8b33e690d56625964d2da25dacbe\",\"name\":\"Mj2\",\"image\":{\"@type\":\"ImageObject\",\"inLanguage\":\"es\",\"@id\":\"https:\\\/\\\/secure.gravatar.com\\\/avatar\\\/9531ba13df63e2566b0071be36796c8f49b308e9397edd95b2818fa19deefeff?s=96&d=mm&r=g\",\"url\":\"https:\\\/\\\/secure.gravatar.com\\\/avatar\\\/9531ba13df63e2566b0071be36796c8f49b308e9397edd95b2818fa19deefeff?s=96&d=mm&r=g\",\"contentUrl\":\"https:\\\/\\\/secure.gravatar.com\\\/avatar\\\/9531ba13df63e2566b0071be36796c8f49b308e9397edd95b2818fa19deefeff?s=96&d=mm&r=g\",\"caption\":\"Mj2\"},\"sameAs\":[\"http:\\\/\\\/www.mj2artesanos.es\\\/tienda\"],\"url\":\"https:\\\/\\\/www.mj2artesanos.es\\\/blog\\\/author\\\/cedito\\\/\"}]}<\/script>\n<!-- \/ Yoast SEO plugin. -->","yoast_head_json":{"title":"[:es]Mapa de la Tierra Media[:en]Middle Earth Map[:] - MJ2 Artesanos","description":"La idea de hacer este mapa sali\u00f3 simplemente de las ganas de probar un grabador de vidrio \"Dremel Engraver\" que Miguel me regal\u00f3. No se tra","robots":{"index":"index","follow":"follow","max-snippet":"max-snippet:-1","max-image-preview":"max-image-preview:large","max-video-preview":"max-video-preview:-1"},"canonical":"https:\/\/www.mj2artesanos.es\/blog\/mapa-de-la-tierra-media\/","og_locale":"es_ES","og_type":"article","og_title":"[:es]Mapa de la Tierra Media[:en]Middle Earth Map[:] - MJ2 Artesanos","og_description":"La idea de hacer este mapa sali\u00f3 simplemente de las ganas de probar un grabador de vidrio \"Dremel Engraver\" que Miguel me regal\u00f3. No se tra","og_url":"https:\/\/www.mj2artesanos.es\/blog\/mapa-de-la-tierra-media\/","og_site_name":"MJ2 Artesanos","article_published_time":"2012-09-11T08:52:09+00:00","article_modified_time":"2025-09-21T17:29:08+00:00","og_image":[{"width":1469,"height":1080,"url":"https:\/\/www.mj2artesanos.es\/blog\/wp-content\/uploads\/2012\/09\/2-Large.jpg","type":"image\/jpeg"}],"author":"Mj2","twitter_card":"summary_large_image","twitter_misc":{"Escrito por":"Mj2","Tiempo de lectura":"3 minutos"},"schema":{"@context":"https:\/\/schema.org","@graph":[{"@type":"Article","@id":"https:\/\/www.mj2artesanos.es\/blog\/mapa-de-la-tierra-media\/#article","isPartOf":{"@id":"https:\/\/www.mj2artesanos.es\/blog\/mapa-de-la-tierra-media\/"},"author":{"name":"Mj2","@id":"https:\/\/www.mj2artesanos.es\/blog\/#\/schema\/person\/d83d8b33e690d56625964d2da25dacbe"},"headline":"Mapa de la Tierra Media","datePublished":"2012-09-11T08:52:09+00:00","dateModified":"2025-09-21T17:29:08+00:00","mainEntityOfPage":{"@id":"https:\/\/www.mj2artesanos.es\/blog\/mapa-de-la-tierra-media\/"},"wordCount":621,"commentCount":0,"publisher":{"@id":"https:\/\/www.mj2artesanos.es\/blog\/#organization"},"image":{"@id":"https:\/\/www.mj2artesanos.es\/blog\/mapa-de-la-tierra-media\/#primaryimage"},"thumbnailUrl":"https:\/\/www.mj2artesanos.es\/blog\/wp-content\/uploads\/2012\/09\/2-Large.jpg","keywords":["el se\u00f1or de los anillos","esdla","lord of the rings","lotr","map","mapa","mapa iluminado","middle earth","Tierra media","tolkien"],"articleSection":["El se\u00f1or de los anillos","R\u00e9plicas"],"inLanguage":"es","potentialAction":[{"@type":"CommentAction","name":"Comment","target":["https:\/\/www.mj2artesanos.es\/blog\/mapa-de-la-tierra-media\/#respond"]}]},{"@type":"WebPage","@id":"https:\/\/www.mj2artesanos.es\/blog\/mapa-de-la-tierra-media\/","url":"https:\/\/www.mj2artesanos.es\/blog\/mapa-de-la-tierra-media\/","name":"[:es]Mapa de la Tierra Media[:en]Middle Earth Map[:] - MJ2 Artesanos","isPartOf":{"@id":"https:\/\/www.mj2artesanos.es\/blog\/#website"},"primaryImageOfPage":{"@id":"https:\/\/www.mj2artesanos.es\/blog\/mapa-de-la-tierra-media\/#primaryimage"},"image":{"@id":"https:\/\/www.mj2artesanos.es\/blog\/mapa-de-la-tierra-media\/#primaryimage"},"thumbnailUrl":"https:\/\/www.mj2artesanos.es\/blog\/wp-content\/uploads\/2012\/09\/2-Large.jpg","datePublished":"2012-09-11T08:52:09+00:00","dateModified":"2025-09-21T17:29:08+00:00","description":"La idea de hacer este mapa sali\u00f3 simplemente de las ganas de probar un grabador de vidrio \"Dremel Engraver\" que Miguel me regal\u00f3. No se tra","breadcrumb":{"@id":"https:\/\/www.mj2artesanos.es\/blog\/mapa-de-la-tierra-media\/#breadcrumb"},"inLanguage":"es","potentialAction":[{"@type":"ReadAction","target":["https:\/\/www.mj2artesanos.es\/blog\/mapa-de-la-tierra-media\/"]}]},{"@type":"ImageObject","inLanguage":"es","@id":"https:\/\/www.mj2artesanos.es\/blog\/mapa-de-la-tierra-media\/#primaryimage","url":"https:\/\/www.mj2artesanos.es\/blog\/wp-content\/uploads\/2012\/09\/2-Large.jpg","contentUrl":"https:\/\/www.mj2artesanos.es\/blog\/wp-content\/uploads\/2012\/09\/2-Large.jpg","width":"1469","height":"1080","caption":"Resultado final iluminado"},{"@type":"BreadcrumbList","@id":"https:\/\/www.mj2artesanos.es\/blog\/mapa-de-la-tierra-media\/#breadcrumb","itemListElement":[{"@type":"ListItem","position":1,"name":"Portada","item":"https:\/\/www.mj2artesanos.es\/blog\/"},{"@type":"ListItem","position":2,"name":"Mapa de la Tierra Media"}]},{"@type":"WebSite","@id":"https:\/\/www.mj2artesanos.es\/blog\/#website","url":"https:\/\/www.mj2artesanos.es\/blog\/","name":"[:es]MJ2 Artesanos[:]","description":"R\u00e9plicas artesanales inspiradas en historia, arqueolog\u00eda y cine. Piezas hechas a mano para coleccionistas, recreaci\u00f3n y decoraci\u00f3n. Artesan\u00eda \u00fanica.","publisher":{"@id":"https:\/\/www.mj2artesanos.es\/blog\/#organization"},"alternateName":"Mj2 Artesanos arte desde el taller","potentialAction":[{"@type":"SearchAction","target":{"@type":"EntryPoint","urlTemplate":"https:\/\/www.mj2artesanos.es\/blog\/?s={search_term_string}"},"query-input":{"@type":"PropertyValueSpecification","valueRequired":true,"valueName":"search_term_string"}}],"inLanguage":"es"},{"@type":"Organization","@id":"https:\/\/www.mj2artesanos.es\/blog\/#organization","name":"[:es]MJ2 Artesanos[:]","alternateName":"Artesanos del tiempo","url":"https:\/\/www.mj2artesanos.es\/blog\/","logo":{"@type":"ImageObject","inLanguage":"es","@id":"https:\/\/www.mj2artesanos.es\/blog\/#\/schema\/logo\/image\/","url":"https:\/\/www.mj2artesanos.es\/blog\/wp-content\/uploads\/2025\/05\/Logo-2025.png","contentUrl":"https:\/\/www.mj2artesanos.es\/blog\/wp-content\/uploads\/2025\/05\/Logo-2025.png","width":150,"height":150,"caption":"[:es]MJ2 Artesanos[:]"},"image":{"@id":"https:\/\/www.mj2artesanos.es\/blog\/#\/schema\/logo\/image\/"}},{"@type":"Person","@id":"https:\/\/www.mj2artesanos.es\/blog\/#\/schema\/person\/d83d8b33e690d56625964d2da25dacbe","name":"Mj2","image":{"@type":"ImageObject","inLanguage":"es","@id":"https:\/\/secure.gravatar.com\/avatar\/9531ba13df63e2566b0071be36796c8f49b308e9397edd95b2818fa19deefeff?s=96&d=mm&r=g","url":"https:\/\/secure.gravatar.com\/avatar\/9531ba13df63e2566b0071be36796c8f49b308e9397edd95b2818fa19deefeff?s=96&d=mm&r=g","contentUrl":"https:\/\/secure.gravatar.com\/avatar\/9531ba13df63e2566b0071be36796c8f49b308e9397edd95b2818fa19deefeff?s=96&d=mm&r=g","caption":"Mj2"},"sameAs":["http:\/\/www.mj2artesanos.es\/tienda"],"url":"https:\/\/www.mj2artesanos.es\/blog\/author\/cedito\/"}]}},"author_meta":{"display_name":"Mj2","author_link":"https:\/\/www.mj2artesanos.es\/blog\/author\/cedito\/"},"featured_img":"https:\/\/www.mj2artesanos.es\/blog\/wp-content\/uploads\/2012\/09\/2-Large-300x220.jpg","coauthors":[],"tax_additional":{"categories":{"linked":["<a href=\"https:\/\/www.mj2artesanos.es\/blog\/category\/replicas\/el-senor-de-los-anillos-replicas\/\" class=\"advgb-post-tax-term\">El se\u00f1or de los anillos<\/a>","<a href=\"https:\/\/www.mj2artesanos.es\/blog\/category\/replicas\/\" class=\"advgb-post-tax-term\">R\u00e9plicas<\/a>"],"unlinked":["<span class=\"advgb-post-tax-term\">El se\u00f1or de los anillos<\/span>","<span class=\"advgb-post-tax-term\">R\u00e9plicas<\/span>"]},"tags":{"linked":["<a href=\"https:\/\/www.mj2artesanos.es\/blog\/category\/replicas\/\" class=\"advgb-post-tax-term\">el se\u00f1or de los anillos<\/a>","<a href=\"https:\/\/www.mj2artesanos.es\/blog\/category\/replicas\/\" class=\"advgb-post-tax-term\">esdla<\/a>","<a href=\"https:\/\/www.mj2artesanos.es\/blog\/category\/replicas\/\" class=\"advgb-post-tax-term\">lord of the rings<\/a>","<a href=\"https:\/\/www.mj2artesanos.es\/blog\/category\/replicas\/\" class=\"advgb-post-tax-term\">lotr<\/a>","<a href=\"https:\/\/www.mj2artesanos.es\/blog\/category\/replicas\/\" class=\"advgb-post-tax-term\">map<\/a>","<a href=\"https:\/\/www.mj2artesanos.es\/blog\/category\/replicas\/\" class=\"advgb-post-tax-term\">mapa<\/a>","<a href=\"https:\/\/www.mj2artesanos.es\/blog\/category\/replicas\/\" class=\"advgb-post-tax-term\">mapa iluminado<\/a>","<a href=\"https:\/\/www.mj2artesanos.es\/blog\/category\/replicas\/\" class=\"advgb-post-tax-term\">middle earth<\/a>","<a href=\"https:\/\/www.mj2artesanos.es\/blog\/category\/replicas\/\" class=\"advgb-post-tax-term\">Tierra media<\/a>","<a href=\"https:\/\/www.mj2artesanos.es\/blog\/category\/replicas\/\" class=\"advgb-post-tax-term\">tolkien<\/a>"],"unlinked":["<span class=\"advgb-post-tax-term\">el se\u00f1or de los anillos<\/span>","<span class=\"advgb-post-tax-term\">esdla<\/span>","<span class=\"advgb-post-tax-term\">lord of the rings<\/span>","<span class=\"advgb-post-tax-term\">lotr<\/span>","<span class=\"advgb-post-tax-term\">map<\/span>","<span class=\"advgb-post-tax-term\">mapa<\/span>","<span class=\"advgb-post-tax-term\">mapa iluminado<\/span>","<span class=\"advgb-post-tax-term\">middle earth<\/span>","<span class=\"advgb-post-tax-term\">Tierra media<\/span>","<span class=\"advgb-post-tax-term\">tolkien<\/span>"]}},"comment_count":"0","relative_dates":{"created":"Publicado 14 a\u00f1os hace","modified":"Actualizado 7 meses hace"},"absolute_dates":{"created":"Publicado el 11 septiembre, 2012","modified":"Actualizado el 21 septiembre, 2025"},"absolute_dates_time":{"created":"Publicado el 11 septiembre, 2012 10:52","modified":"Actualizado el 21 septiembre, 2025 18:29"},"featured_img_caption":"Resultado final iluminado","series_order":"","_links":{"self":[{"href":"https:\/\/www.mj2artesanos.es\/blog\/wp-json\/wp\/v2\/posts\/354","targetHints":{"allow":["GET"]}}],"collection":[{"href":"https:\/\/www.mj2artesanos.es\/blog\/wp-json\/wp\/v2\/posts"}],"about":[{"href":"https:\/\/www.mj2artesanos.es\/blog\/wp-json\/wp\/v2\/types\/post"}],"author":[{"embeddable":true,"href":"https:\/\/www.mj2artesanos.es\/blog\/wp-json\/wp\/v2\/users\/1"}],"replies":[{"embeddable":true,"href":"https:\/\/www.mj2artesanos.es\/blog\/wp-json\/wp\/v2\/comments?post=354"}],"version-history":[{"count":0,"href":"https:\/\/www.mj2artesanos.es\/blog\/wp-json\/wp\/v2\/posts\/354\/revisions"}],"wp:featuredmedia":[{"embeddable":true,"href":"https:\/\/www.mj2artesanos.es\/blog\/wp-json\/wp\/v2\/media\/362"}],"wp:attachment":[{"href":"https:\/\/www.mj2artesanos.es\/blog\/wp-json\/wp\/v2\/media?parent=354"}],"wp:term":[{"taxonomy":"category","embeddable":true,"href":"https:\/\/www.mj2artesanos.es\/blog\/wp-json\/wp\/v2\/categories?post=354"},{"taxonomy":"post_tag","embeddable":true,"href":"https:\/\/www.mj2artesanos.es\/blog\/wp-json\/wp\/v2\/tags?post=354"}],"curies":[{"name":"wp","href":"https:\/\/api.w.org\/{rel}","templated":true}]}}