{"id":368,"date":"2012-09-17T14:13:36","date_gmt":"2012-09-17T12:13:36","guid":{"rendered":"http:\/\/www.mj2artesanos.es\/blog\/?p=368"},"modified":"2025-09-21T18:49:53","modified_gmt":"2025-09-21T17:49:53","slug":"marco-regreso-al-futuro-iii","status":"publish","type":"post","link":"https:\/\/www.mj2artesanos.es\/blog\/marco-regreso-al-futuro-iii\/","title":{"rendered":"Marco de Regreso al futuro III (\u00abPartners in time\u00bb)"},"content":{"rendered":"<p>Como os habr\u00e9is dado cuenta, por las cosas que os hemos ense\u00f1ado hasta ahora, nos gusta hacer r\u00e9plicas de cosas que salen en pel\u00edculas. Es una buena manera de aprender y de enfrentar nuevos retos. Un d\u00eda alguien en un foro dijo: \u00bfAlguien se atreve a hacer esto? y all\u00e1 que nos pusimos.<\/p>\n<p><a href=\"https:\/\/www.mj2artesanos.es\/blog\/wp-content\/uploads\/2012\/09\/marco-BTTF.jpg\"><img loading=\"lazy\" decoding=\"async\" class=\"alignright size-medium wp-image-376\" title=\"marco BTTF fotograma\" src=\"https:\/\/www.mj2artesanos.es\/blog\/wp-content\/uploads\/2012\/09\/marco-BTTF-300x211.jpg\" alt=\"\" width=\"300\" height=\"211\" srcset=\"https:\/\/www.mj2artesanos.es\/blog\/wp-content\/uploads\/2012\/09\/marco-BTTF-300x211.jpg 300w, https:\/\/www.mj2artesanos.es\/blog\/wp-content\/uploads\/2012\/09\/marco-BTTF-425x300.jpg 425w, https:\/\/www.mj2artesanos.es\/blog\/wp-content\/uploads\/2012\/09\/marco-BTTF.jpg 650w\" sizes=\"auto, (max-width: 300px) 100vw, 300px\" \/><\/a><\/p>\n<p>Este marco es el que le regala Doc a Marty cuando vuelve del \u00aboeste\u00bb, como recuerdo de su estancia all\u00ed. En realidad sale unos fotogramas nada m\u00e1s. La foto es muy conocida, y a muchos admiradores de la pel\u00edcula, les gusta tener un marco parecido.<\/p>\n<p><img loading=\"lazy\" decoding=\"async\" class=\"alignleft size-medium wp-image-374\" style=\"color: #333333; font-style: normal; line-height: 24px;\" title=\"palos\" src=\"https:\/\/www.mj2artesanos.es\/blog\/wp-content\/uploads\/2012\/09\/DSCF8224-300x225.jpg\" alt=\"\" width=\"300\" height=\"225\" srcset=\"https:\/\/www.mj2artesanos.es\/blog\/wp-content\/uploads\/2012\/09\/DSCF8224-300x225.jpg 300w, https:\/\/www.mj2artesanos.es\/blog\/wp-content\/uploads\/2012\/09\/DSCF8224-1024x768.jpg 1024w, https:\/\/www.mj2artesanos.es\/blog\/wp-content\/uploads\/2012\/09\/DSCF8224-400x300.jpg 400w, https:\/\/www.mj2artesanos.es\/blog\/wp-content\/uploads\/2012\/09\/DSCF8224-160x120.jpg 160w, https:\/\/www.mj2artesanos.es\/blog\/wp-content\/uploads\/2012\/09\/DSCF8224.jpg 1440w\" sizes=\"auto, (max-width: 300px) 100vw, 300px\" \/><\/p>\n<div><\/div>\n<p>En este\u00a0caso partimos \u00a0absolutamente de cero, puesto que no hay (o no hemos encontrado) molduras comerciales con esa misma forma. As\u00ed que all\u00e1 que nos fuimos a buscar listones de pino de distintas medidas para armar el marco.<\/p>\n<p>En cuanto al color, como no se distingue muy bien en la pel\u00edcula, nos hemos decantado por el caoba envejecido con bet\u00fan de Judea.<\/p>\n<p><a href=\"https:\/\/www.mj2artesanos.es\/blog\/wp-content\/uploads\/2012\/09\/DSCF8219.jpg\"><img loading=\"lazy\" decoding=\"async\" class=\"size-medium wp-image-372 alignright\" title=\"originales\" src=\"https:\/\/www.mj2artesanos.es\/blog\/wp-content\/uploads\/2012\/09\/DSCF8219-300x225.jpg\" alt=\"\" width=\"300\" height=\"225\" srcset=\"https:\/\/www.mj2artesanos.es\/blog\/wp-content\/uploads\/2012\/09\/DSCF8219-300x225.jpg 300w, https:\/\/www.mj2artesanos.es\/blog\/wp-content\/uploads\/2012\/09\/DSCF8219-1024x768.jpg 1024w, https:\/\/www.mj2artesanos.es\/blog\/wp-content\/uploads\/2012\/09\/DSCF8219-400x300.jpg 400w, https:\/\/www.mj2artesanos.es\/blog\/wp-content\/uploads\/2012\/09\/DSCF8219-160x120.jpg 160w, https:\/\/www.mj2artesanos.es\/blog\/wp-content\/uploads\/2012\/09\/DSCF8219.jpg 1440w\" sizes=\"auto, (max-width: 300px) 100vw, 300px\" \/><\/a>En el original, se supone que los adornos son de metal repujado, as\u00ed que con una l\u00e1mina de esta\u00f1o y un poco de paciencia sacamos unos originales de los que con alguna que otra dificultad (se ve que la silicona y el esta\u00f1o no son buenos amigos), pudimos sacar un molde.<\/p>\n<p>Las copias pens\u00e9 cargarlas con aluminio, para que saliesen ya con aspecto met\u00e1lico, pero al pulirlas se perd\u00eda parte del relieve, as\u00ed que un poco de pintura, un envejecido y listo.<\/p>\n<p><a href=\"https:\/\/www.mj2artesanos.es\/blog\/wp-content\/uploads\/2012\/09\/DSCF8192.jpg\"><img loading=\"lazy\" decoding=\"async\" class=\"aligncenter size-medium wp-image-371\" title=\"adornos pintados\" src=\"https:\/\/www.mj2artesanos.es\/blog\/wp-content\/uploads\/2012\/09\/DSCF8192-300x225.jpg\" alt=\"\" width=\"300\" height=\"225\" srcset=\"https:\/\/www.mj2artesanos.es\/blog\/wp-content\/uploads\/2012\/09\/DSCF8192-300x225.jpg 300w, https:\/\/www.mj2artesanos.es\/blog\/wp-content\/uploads\/2012\/09\/DSCF8192-1024x768.jpg 1024w, https:\/\/www.mj2artesanos.es\/blog\/wp-content\/uploads\/2012\/09\/DSCF8192-400x300.jpg 400w, https:\/\/www.mj2artesanos.es\/blog\/wp-content\/uploads\/2012\/09\/DSCF8192-160x120.jpg 160w, https:\/\/www.mj2artesanos.es\/blog\/wp-content\/uploads\/2012\/09\/DSCF8192.jpg 1440w\" sizes=\"auto, (max-width: 300px) 100vw, 300px\" \/><\/a><\/p>\n<p>\u00c9ste ha sido el resultado. Con su passpartout y la dedicatoria.<\/p>\n<p><a href=\"https:\/\/www.mj2artesanos.es\/blog\/wp-content\/uploads\/2012\/09\/DSCF8173.jpg\"><img loading=\"lazy\" decoding=\"async\" class=\"aligncenter size-large wp-image-369\" title=\"Marco acabado\" src=\"https:\/\/www.mj2artesanos.es\/blog\/wp-content\/uploads\/2012\/09\/DSCF8173-1024x768.jpg\" alt=\"\" width=\"584\" height=\"438\" srcset=\"https:\/\/www.mj2artesanos.es\/blog\/wp-content\/uploads\/2012\/09\/DSCF8173-1024x768.jpg 1024w, https:\/\/www.mj2artesanos.es\/blog\/wp-content\/uploads\/2012\/09\/DSCF8173-300x225.jpg 300w, https:\/\/www.mj2artesanos.es\/blog\/wp-content\/uploads\/2012\/09\/DSCF8173-400x300.jpg 400w, https:\/\/www.mj2artesanos.es\/blog\/wp-content\/uploads\/2012\/09\/DSCF8173-160x120.jpg 160w, https:\/\/www.mj2artesanos.es\/blog\/wp-content\/uploads\/2012\/09\/DSCF8173.jpg 1440w\" sizes=\"auto, (max-width: 584px) 100vw, 584px\" \/><\/a><\/p>\n<p>Y esta otra foto para comparar:<\/p>\n<p><a href=\"https:\/\/www.mj2artesanos.es\/blog\/wp-content\/uploads\/2012\/09\/foto1.jpg\"><img loading=\"lazy\" decoding=\"async\" class=\"aligncenter size-large wp-image-375\" title=\"comparaci\u00f3n marco BTTF frame\" src=\"https:\/\/www.mj2artesanos.es\/blog\/wp-content\/uploads\/2012\/09\/foto1-1024x360.jpg\" alt=\"partners in time\" width=\"584\" height=\"205\" srcset=\"https:\/\/www.mj2artesanos.es\/blog\/wp-content\/uploads\/2012\/09\/foto1-1024x360.jpg 1024w, https:\/\/www.mj2artesanos.es\/blog\/wp-content\/uploads\/2012\/09\/foto1-300x105.jpg 300w, https:\/\/www.mj2artesanos.es\/blog\/wp-content\/uploads\/2012\/09\/foto1-500x176.jpg 500w, https:\/\/www.mj2artesanos.es\/blog\/wp-content\/uploads\/2012\/09\/foto1.jpg 1300w\" sizes=\"auto, (max-width: 584px) 100vw, 584px\" \/><\/a><\/p>\n<p>Aunque no es perfecto, a todos los fans que conozco y que han querido uno les ha gustado mucho, y siempre es una satisfacci\u00f3n para nosotros cuando escriben y dicen: \u00abYa me ha llegado. \u00a1Me encanta! \u00bb<\/p>\n<p>Hay varias fotos circulando por la red, que algunos aficionados han ido modificando. As\u00ed que los hemos distribuido con el passpartout sin cortar de manera que cada cual ponga la que m\u00e1s le guste, y escriba la dedicatoria a su manera. Incluso hay quien nos ha pedido los adornos nada m\u00e1s porque se quiere hacer el marco \u00e9l mismo.<\/p>\n<p>Pues claro, siempre he pensado que la mejor r\u00e9plica para coleccionar (bueno, la mejor no, pero la m\u00e1s satisfactoria) es la que te has hecho t\u00fa mismo. As\u00ed que animo a todo el aficionado a este tipo de colecciones a que se ponga manos a la obra.<\/p>\n<p><a href=\"https:\/\/www.mj2artesanos.es\/blog\/wp-content\/uploads\/2012\/09\/DSCF8182.jpg\"><img loading=\"lazy\" decoding=\"async\" class=\"aligncenter size-large wp-image-370\" title=\"Marco BTTF Frame\" src=\"https:\/\/www.mj2artesanos.es\/blog\/wp-content\/uploads\/2012\/09\/DSCF8182-1024x768.jpg\" alt=\"\" width=\"584\" height=\"438\" srcset=\"https:\/\/www.mj2artesanos.es\/blog\/wp-content\/uploads\/2012\/09\/DSCF8182-1024x768.jpg 1024w, https:\/\/www.mj2artesanos.es\/blog\/wp-content\/uploads\/2012\/09\/DSCF8182-300x225.jpg 300w, https:\/\/www.mj2artesanos.es\/blog\/wp-content\/uploads\/2012\/09\/DSCF8182-400x300.jpg 400w, https:\/\/www.mj2artesanos.es\/blog\/wp-content\/uploads\/2012\/09\/DSCF8182-160x120.jpg 160w, https:\/\/www.mj2artesanos.es\/blog\/wp-content\/uploads\/2012\/09\/DSCF8182.jpg 1440w\" sizes=\"auto, (max-width: 584px) 100vw, 584px\" \/><\/a><\/p>\n<p>Ya disponible en nuestra <a href=\"http:\/\/www.mj2artesanos.es\/es\/home\/25-marco-regreso-al-futuro-iii.html\" target=\"_blank\" rel=\"noopener\">tienda<\/a>.<\/p>","protected":false},"excerpt":{"rendered":"<p>R\u00e9plica del marco que Doc le regala a Marty en Regreso al futuro III<\/p>\n","protected":false},"author":1,"featured_media":369,"comment_status":"open","ping_status":"open","sticky":false,"template":"","format":"standard","meta":{"_crdt_document":"","advgb_blocks_editor_width":"","advgb_blocks_columns_visual_guide":"","two_page_speed":[],"footnotes":""},"categories":[121,1],"tags":[119,117,116,118,115],"class_list":["post-368","post","type-post","status-publish","format-standard","has-post-thumbnail","hentry","category-regreso-al-futuro-replicas","category-replicas","tag-back-to-the-future","tag-doc","tag-marty-mcfly","tag-partners-in-time","tag-regreso-al-futuro"],"yoast_head":"<!-- This site is optimized with the Yoast SEO plugin v27.5 - https:\/\/yoast.com\/product\/yoast-seo-wordpress\/ -->\n<title>-<\/title>\n<meta name=\"description\" content=\"Este marco es el que le regala Doc a Marty cuando vuelve del &quot;oeste&quot;, como recuerdo de su estancia all\u00ed. En realidad sale unos fotogramas\" \/>\n<meta name=\"robots\" content=\"index, follow, max-snippet:-1, max-image-preview:large, max-video-preview:-1\" \/>\n<link rel=\"canonical\" href=\"https:\/\/www.mj2artesanos.es\/blog\/marco-regreso-al-futuro-iii\/\" \/>\n<meta property=\"og:locale\" content=\"es_ES\" \/>\n<meta property=\"og:type\" content=\"article\" \/>\n<meta property=\"og:title\" content=\"-\" \/>\n<meta property=\"og:description\" content=\"Este marco es el que le regala Doc a Marty cuando vuelve del &quot;oeste&quot;, como recuerdo de su estancia all\u00ed. En realidad sale unos fotogramas\" \/>\n<meta property=\"og:url\" content=\"https:\/\/www.mj2artesanos.es\/blog\/marco-regreso-al-futuro-iii\/\" \/>\n<meta property=\"og:site_name\" content=\"MJ2 Artesanos\" \/>\n<meta property=\"article:published_time\" content=\"2012-09-17T12:13:36+00:00\" \/>\n<meta property=\"article:modified_time\" content=\"2025-09-21T17:49:53+00:00\" \/>\n<meta property=\"og:image\" content=\"https:\/\/www.mj2artesanos.es\/blog\/wp-content\/uploads\/2012\/09\/DSCF8173.jpg\" \/>\n\t<meta property=\"og:image:width\" content=\"1440\" \/>\n\t<meta property=\"og:image:height\" content=\"1080\" \/>\n\t<meta property=\"og:image:type\" content=\"image\/jpeg\" \/>\n<meta name=\"author\" content=\"Mj2\" \/>\n<meta name=\"twitter:card\" content=\"summary_large_image\" \/>\n<meta name=\"twitter:label1\" content=\"Escrito por\" \/>\n\t<meta name=\"twitter:data1\" content=\"Mj2\" \/>\n\t<meta name=\"twitter:label2\" content=\"Tiempo de lectura\" \/>\n\t<meta name=\"twitter:data2\" content=\"4 minutos\" \/>\n<script type=\"application\/ld+json\" class=\"yoast-schema-graph\">{\"@context\":\"https:\\\/\\\/schema.org\",\"@graph\":[{\"@type\":\"Article\",\"@id\":\"https:\\\/\\\/www.mj2artesanos.es\\\/blog\\\/marco-regreso-al-futuro-iii\\\/#article\",\"isPartOf\":{\"@id\":\"https:\\\/\\\/www.mj2artesanos.es\\\/blog\\\/marco-regreso-al-futuro-iii\\\/\"},\"author\":{\"name\":\"Mj2\",\"@id\":\"https:\\\/\\\/www.mj2artesanos.es\\\/blog\\\/#\\\/schema\\\/person\\\/d83d8b33e690d56625964d2da25dacbe\"},\"headline\":\"Marco de Regreso al futuro III (\u00abPartners in time\u00bb)\",\"datePublished\":\"2012-09-17T12:13:36+00:00\",\"dateModified\":\"2025-09-21T17:49:53+00:00\",\"mainEntityOfPage\":{\"@id\":\"https:\\\/\\\/www.mj2artesanos.es\\\/blog\\\/marco-regreso-al-futuro-iii\\\/\"},\"wordCount\":801,\"commentCount\":0,\"publisher\":{\"@id\":\"https:\\\/\\\/www.mj2artesanos.es\\\/blog\\\/#organization\"},\"image\":{\"@id\":\"https:\\\/\\\/www.mj2artesanos.es\\\/blog\\\/marco-regreso-al-futuro-iii\\\/#primaryimage\"},\"thumbnailUrl\":\"https:\\\/\\\/www.mj2artesanos.es\\\/blog\\\/wp-content\\\/uploads\\\/2012\\\/09\\\/DSCF8173.jpg\",\"keywords\":[\"back to the future\",\"doc\",\"marty mcfly\",\"partners in time\",\"regreso al futuro\"],\"articleSection\":[\"Regreso al futuro\",\"R\u00e9plicas\"],\"inLanguage\":\"es\",\"potentialAction\":[{\"@type\":\"CommentAction\",\"name\":\"Comment\",\"target\":[\"https:\\\/\\\/www.mj2artesanos.es\\\/blog\\\/marco-regreso-al-futuro-iii\\\/#respond\"]}]},{\"@type\":\"WebPage\",\"@id\":\"https:\\\/\\\/www.mj2artesanos.es\\\/blog\\\/marco-regreso-al-futuro-iii\\\/\",\"url\":\"https:\\\/\\\/www.mj2artesanos.es\\\/blog\\\/marco-regreso-al-futuro-iii\\\/\",\"name\":\"-\",\"isPartOf\":{\"@id\":\"https:\\\/\\\/www.mj2artesanos.es\\\/blog\\\/#website\"},\"primaryImageOfPage\":{\"@id\":\"https:\\\/\\\/www.mj2artesanos.es\\\/blog\\\/marco-regreso-al-futuro-iii\\\/#primaryimage\"},\"image\":{\"@id\":\"https:\\\/\\\/www.mj2artesanos.es\\\/blog\\\/marco-regreso-al-futuro-iii\\\/#primaryimage\"},\"thumbnailUrl\":\"https:\\\/\\\/www.mj2artesanos.es\\\/blog\\\/wp-content\\\/uploads\\\/2012\\\/09\\\/DSCF8173.jpg\",\"datePublished\":\"2012-09-17T12:13:36+00:00\",\"dateModified\":\"2025-09-21T17:49:53+00:00\",\"description\":\"Este marco es el que le regala Doc a Marty cuando vuelve del \\\"oeste\\\", como recuerdo de su estancia all\u00ed. En realidad sale unos fotogramas\",\"breadcrumb\":{\"@id\":\"https:\\\/\\\/www.mj2artesanos.es\\\/blog\\\/marco-regreso-al-futuro-iii\\\/#breadcrumb\"},\"inLanguage\":\"es\",\"potentialAction\":[{\"@type\":\"ReadAction\",\"target\":[\"https:\\\/\\\/www.mj2artesanos.es\\\/blog\\\/marco-regreso-al-futuro-iii\\\/\"]}]},{\"@type\":\"ImageObject\",\"inLanguage\":\"es\",\"@id\":\"https:\\\/\\\/www.mj2artesanos.es\\\/blog\\\/marco-regreso-al-futuro-iii\\\/#primaryimage\",\"url\":\"https:\\\/\\\/www.mj2artesanos.es\\\/blog\\\/wp-content\\\/uploads\\\/2012\\\/09\\\/DSCF8173.jpg\",\"contentUrl\":\"https:\\\/\\\/www.mj2artesanos.es\\\/blog\\\/wp-content\\\/uploads\\\/2012\\\/09\\\/DSCF8173.jpg\",\"width\":\"1440\",\"height\":\"1080\",\"caption\":\"R\u00e9plica marco regreso al futuro. Back to the future replica.\"},{\"@type\":\"BreadcrumbList\",\"@id\":\"https:\\\/\\\/www.mj2artesanos.es\\\/blog\\\/marco-regreso-al-futuro-iii\\\/#breadcrumb\",\"itemListElement\":[{\"@type\":\"ListItem\",\"position\":1,\"name\":\"Portada\",\"item\":\"https:\\\/\\\/www.mj2artesanos.es\\\/blog\\\/\"},{\"@type\":\"ListItem\",\"position\":2,\"name\":\"Marco de Regreso al futuro III (\u00abPartners in time\u00bb)\"}]},{\"@type\":\"WebSite\",\"@id\":\"https:\\\/\\\/www.mj2artesanos.es\\\/blog\\\/#website\",\"url\":\"https:\\\/\\\/www.mj2artesanos.es\\\/blog\\\/\",\"name\":\"[:es]MJ2 Artesanos[:]\",\"description\":\"R\u00e9plicas artesanales inspiradas en historia, arqueolog\u00eda y cine. Piezas hechas a mano para coleccionistas, recreaci\u00f3n y decoraci\u00f3n. Artesan\u00eda \u00fanica.\",\"publisher\":{\"@id\":\"https:\\\/\\\/www.mj2artesanos.es\\\/blog\\\/#organization\"},\"alternateName\":\"Mj2 Artesanos arte desde el taller\",\"potentialAction\":[{\"@type\":\"SearchAction\",\"target\":{\"@type\":\"EntryPoint\",\"urlTemplate\":\"https:\\\/\\\/www.mj2artesanos.es\\\/blog\\\/?s={search_term_string}\"},\"query-input\":{\"@type\":\"PropertyValueSpecification\",\"valueRequired\":true,\"valueName\":\"search_term_string\"}}],\"inLanguage\":\"es\"},{\"@type\":\"Organization\",\"@id\":\"https:\\\/\\\/www.mj2artesanos.es\\\/blog\\\/#organization\",\"name\":\"[:es]MJ2 Artesanos[:]\",\"alternateName\":\"Artesanos del tiempo\",\"url\":\"https:\\\/\\\/www.mj2artesanos.es\\\/blog\\\/\",\"logo\":{\"@type\":\"ImageObject\",\"inLanguage\":\"es\",\"@id\":\"https:\\\/\\\/www.mj2artesanos.es\\\/blog\\\/#\\\/schema\\\/logo\\\/image\\\/\",\"url\":\"https:\\\/\\\/www.mj2artesanos.es\\\/blog\\\/wp-content\\\/uploads\\\/2025\\\/05\\\/Logo-2025.png\",\"contentUrl\":\"https:\\\/\\\/www.mj2artesanos.es\\\/blog\\\/wp-content\\\/uploads\\\/2025\\\/05\\\/Logo-2025.png\",\"width\":150,\"height\":150,\"caption\":\"[:es]MJ2 Artesanos[:]\"},\"image\":{\"@id\":\"https:\\\/\\\/www.mj2artesanos.es\\\/blog\\\/#\\\/schema\\\/logo\\\/image\\\/\"}},{\"@type\":\"Person\",\"@id\":\"https:\\\/\\\/www.mj2artesanos.es\\\/blog\\\/#\\\/schema\\\/person\\\/d83d8b33e690d56625964d2da25dacbe\",\"name\":\"Mj2\",\"image\":{\"@type\":\"ImageObject\",\"inLanguage\":\"es\",\"@id\":\"https:\\\/\\\/secure.gravatar.com\\\/avatar\\\/9531ba13df63e2566b0071be36796c8f49b308e9397edd95b2818fa19deefeff?s=96&d=mm&r=g\",\"url\":\"https:\\\/\\\/secure.gravatar.com\\\/avatar\\\/9531ba13df63e2566b0071be36796c8f49b308e9397edd95b2818fa19deefeff?s=96&d=mm&r=g\",\"contentUrl\":\"https:\\\/\\\/secure.gravatar.com\\\/avatar\\\/9531ba13df63e2566b0071be36796c8f49b308e9397edd95b2818fa19deefeff?s=96&d=mm&r=g\",\"caption\":\"Mj2\"},\"sameAs\":[\"http:\\\/\\\/www.mj2artesanos.es\\\/tienda\"],\"url\":\"https:\\\/\\\/www.mj2artesanos.es\\\/blog\\\/author\\\/cedito\\\/\"}]}<\/script>\n<!-- \/ Yoast SEO plugin. -->","yoast_head_json":{"title":"-","description":"Este marco es el que le regala Doc a Marty cuando vuelve del \"oeste\", como recuerdo de su estancia all\u00ed. En realidad sale unos fotogramas","robots":{"index":"index","follow":"follow","max-snippet":"max-snippet:-1","max-image-preview":"max-image-preview:large","max-video-preview":"max-video-preview:-1"},"canonical":"https:\/\/www.mj2artesanos.es\/blog\/marco-regreso-al-futuro-iii\/","og_locale":"es_ES","og_type":"article","og_title":"-","og_description":"Este marco es el que le regala Doc a Marty cuando vuelve del \"oeste\", como recuerdo de su estancia all\u00ed. En realidad sale unos fotogramas","og_url":"https:\/\/www.mj2artesanos.es\/blog\/marco-regreso-al-futuro-iii\/","og_site_name":"MJ2 Artesanos","article_published_time":"2012-09-17T12:13:36+00:00","article_modified_time":"2025-09-21T17:49:53+00:00","og_image":[{"width":1440,"height":1080,"url":"https:\/\/www.mj2artesanos.es\/blog\/wp-content\/uploads\/2012\/09\/DSCF8173.jpg","type":"image\/jpeg"}],"author":"Mj2","twitter_card":"summary_large_image","twitter_misc":{"Escrito por":"Mj2","Tiempo de lectura":"4 minutos"},"schema":{"@context":"https:\/\/schema.org","@graph":[{"@type":"Article","@id":"https:\/\/www.mj2artesanos.es\/blog\/marco-regreso-al-futuro-iii\/#article","isPartOf":{"@id":"https:\/\/www.mj2artesanos.es\/blog\/marco-regreso-al-futuro-iii\/"},"author":{"name":"Mj2","@id":"https:\/\/www.mj2artesanos.es\/blog\/#\/schema\/person\/d83d8b33e690d56625964d2da25dacbe"},"headline":"Marco de Regreso al futuro III (\u00abPartners in time\u00bb)","datePublished":"2012-09-17T12:13:36+00:00","dateModified":"2025-09-21T17:49:53+00:00","mainEntityOfPage":{"@id":"https:\/\/www.mj2artesanos.es\/blog\/marco-regreso-al-futuro-iii\/"},"wordCount":801,"commentCount":0,"publisher":{"@id":"https:\/\/www.mj2artesanos.es\/blog\/#organization"},"image":{"@id":"https:\/\/www.mj2artesanos.es\/blog\/marco-regreso-al-futuro-iii\/#primaryimage"},"thumbnailUrl":"https:\/\/www.mj2artesanos.es\/blog\/wp-content\/uploads\/2012\/09\/DSCF8173.jpg","keywords":["back to the future","doc","marty mcfly","partners in time","regreso al futuro"],"articleSection":["Regreso al futuro","R\u00e9plicas"],"inLanguage":"es","potentialAction":[{"@type":"CommentAction","name":"Comment","target":["https:\/\/www.mj2artesanos.es\/blog\/marco-regreso-al-futuro-iii\/#respond"]}]},{"@type":"WebPage","@id":"https:\/\/www.mj2artesanos.es\/blog\/marco-regreso-al-futuro-iii\/","url":"https:\/\/www.mj2artesanos.es\/blog\/marco-regreso-al-futuro-iii\/","name":"-","isPartOf":{"@id":"https:\/\/www.mj2artesanos.es\/blog\/#website"},"primaryImageOfPage":{"@id":"https:\/\/www.mj2artesanos.es\/blog\/marco-regreso-al-futuro-iii\/#primaryimage"},"image":{"@id":"https:\/\/www.mj2artesanos.es\/blog\/marco-regreso-al-futuro-iii\/#primaryimage"},"thumbnailUrl":"https:\/\/www.mj2artesanos.es\/blog\/wp-content\/uploads\/2012\/09\/DSCF8173.jpg","datePublished":"2012-09-17T12:13:36+00:00","dateModified":"2025-09-21T17:49:53+00:00","description":"Este marco es el que le regala Doc a Marty cuando vuelve del \"oeste\", como recuerdo de su estancia all\u00ed. En realidad sale unos fotogramas","breadcrumb":{"@id":"https:\/\/www.mj2artesanos.es\/blog\/marco-regreso-al-futuro-iii\/#breadcrumb"},"inLanguage":"es","potentialAction":[{"@type":"ReadAction","target":["https:\/\/www.mj2artesanos.es\/blog\/marco-regreso-al-futuro-iii\/"]}]},{"@type":"ImageObject","inLanguage":"es","@id":"https:\/\/www.mj2artesanos.es\/blog\/marco-regreso-al-futuro-iii\/#primaryimage","url":"https:\/\/www.mj2artesanos.es\/blog\/wp-content\/uploads\/2012\/09\/DSCF8173.jpg","contentUrl":"https:\/\/www.mj2artesanos.es\/blog\/wp-content\/uploads\/2012\/09\/DSCF8173.jpg","width":"1440","height":"1080","caption":"R\u00e9plica marco regreso al futuro. Back to the future replica."},{"@type":"BreadcrumbList","@id":"https:\/\/www.mj2artesanos.es\/blog\/marco-regreso-al-futuro-iii\/#breadcrumb","itemListElement":[{"@type":"ListItem","position":1,"name":"Portada","item":"https:\/\/www.mj2artesanos.es\/blog\/"},{"@type":"ListItem","position":2,"name":"Marco de Regreso al futuro III (\u00abPartners in time\u00bb)"}]},{"@type":"WebSite","@id":"https:\/\/www.mj2artesanos.es\/blog\/#website","url":"https:\/\/www.mj2artesanos.es\/blog\/","name":"[:es]MJ2 Artesanos[:]","description":"R\u00e9plicas artesanales inspiradas en historia, arqueolog\u00eda y cine. Piezas hechas a mano para coleccionistas, recreaci\u00f3n y decoraci\u00f3n. Artesan\u00eda \u00fanica.","publisher":{"@id":"https:\/\/www.mj2artesanos.es\/blog\/#organization"},"alternateName":"Mj2 Artesanos arte desde el taller","potentialAction":[{"@type":"SearchAction","target":{"@type":"EntryPoint","urlTemplate":"https:\/\/www.mj2artesanos.es\/blog\/?s={search_term_string}"},"query-input":{"@type":"PropertyValueSpecification","valueRequired":true,"valueName":"search_term_string"}}],"inLanguage":"es"},{"@type":"Organization","@id":"https:\/\/www.mj2artesanos.es\/blog\/#organization","name":"[:es]MJ2 Artesanos[:]","alternateName":"Artesanos del tiempo","url":"https:\/\/www.mj2artesanos.es\/blog\/","logo":{"@type":"ImageObject","inLanguage":"es","@id":"https:\/\/www.mj2artesanos.es\/blog\/#\/schema\/logo\/image\/","url":"https:\/\/www.mj2artesanos.es\/blog\/wp-content\/uploads\/2025\/05\/Logo-2025.png","contentUrl":"https:\/\/www.mj2artesanos.es\/blog\/wp-content\/uploads\/2025\/05\/Logo-2025.png","width":150,"height":150,"caption":"[:es]MJ2 Artesanos[:]"},"image":{"@id":"https:\/\/www.mj2artesanos.es\/blog\/#\/schema\/logo\/image\/"}},{"@type":"Person","@id":"https:\/\/www.mj2artesanos.es\/blog\/#\/schema\/person\/d83d8b33e690d56625964d2da25dacbe","name":"Mj2","image":{"@type":"ImageObject","inLanguage":"es","@id":"https:\/\/secure.gravatar.com\/avatar\/9531ba13df63e2566b0071be36796c8f49b308e9397edd95b2818fa19deefeff?s=96&d=mm&r=g","url":"https:\/\/secure.gravatar.com\/avatar\/9531ba13df63e2566b0071be36796c8f49b308e9397edd95b2818fa19deefeff?s=96&d=mm&r=g","contentUrl":"https:\/\/secure.gravatar.com\/avatar\/9531ba13df63e2566b0071be36796c8f49b308e9397edd95b2818fa19deefeff?s=96&d=mm&r=g","caption":"Mj2"},"sameAs":["http:\/\/www.mj2artesanos.es\/tienda"],"url":"https:\/\/www.mj2artesanos.es\/blog\/author\/cedito\/"}]}},"author_meta":{"display_name":"Mj2","author_link":"https:\/\/www.mj2artesanos.es\/blog\/author\/cedito\/"},"featured_img":"https:\/\/www.mj2artesanos.es\/blog\/wp-content\/uploads\/2012\/09\/DSCF8173-300x225.jpg","coauthors":[],"tax_additional":{"categories":{"linked":["<a href=\"https:\/\/www.mj2artesanos.es\/blog\/category\/replicas\/regreso-al-futuro-replicas\/\" class=\"advgb-post-tax-term\">Regreso al futuro<\/a>","<a href=\"https:\/\/www.mj2artesanos.es\/blog\/category\/replicas\/\" class=\"advgb-post-tax-term\">R\u00e9plicas<\/a>"],"unlinked":["<span class=\"advgb-post-tax-term\">Regreso al futuro<\/span>","<span class=\"advgb-post-tax-term\">R\u00e9plicas<\/span>"]},"tags":{"linked":["<a href=\"https:\/\/www.mj2artesanos.es\/blog\/category\/replicas\/\" class=\"advgb-post-tax-term\">back to the future<\/a>","<a href=\"https:\/\/www.mj2artesanos.es\/blog\/category\/replicas\/\" class=\"advgb-post-tax-term\">doc<\/a>","<a href=\"https:\/\/www.mj2artesanos.es\/blog\/category\/replicas\/\" class=\"advgb-post-tax-term\">marty mcfly<\/a>","<a href=\"https:\/\/www.mj2artesanos.es\/blog\/category\/replicas\/\" class=\"advgb-post-tax-term\">partners in time<\/a>","<a href=\"https:\/\/www.mj2artesanos.es\/blog\/category\/replicas\/\" class=\"advgb-post-tax-term\">regreso al futuro<\/a>"],"unlinked":["<span class=\"advgb-post-tax-term\">back to the future<\/span>","<span class=\"advgb-post-tax-term\">doc<\/span>","<span class=\"advgb-post-tax-term\">marty mcfly<\/span>","<span class=\"advgb-post-tax-term\">partners in time<\/span>","<span class=\"advgb-post-tax-term\">regreso al futuro<\/span>"]}},"comment_count":"0","relative_dates":{"created":"Publicado 14 a\u00f1os hace","modified":"Actualizado 7 meses hace"},"absolute_dates":{"created":"Publicado el 17 septiembre, 2012","modified":"Actualizado el 21 septiembre, 2025"},"absolute_dates_time":{"created":"Publicado el 17 septiembre, 2012 14:13","modified":"Actualizado el 21 septiembre, 2025 18:49"},"featured_img_caption":"","series_order":"","_links":{"self":[{"href":"https:\/\/www.mj2artesanos.es\/blog\/wp-json\/wp\/v2\/posts\/368","targetHints":{"allow":["GET"]}}],"collection":[{"href":"https:\/\/www.mj2artesanos.es\/blog\/wp-json\/wp\/v2\/posts"}],"about":[{"href":"https:\/\/www.mj2artesanos.es\/blog\/wp-json\/wp\/v2\/types\/post"}],"author":[{"embeddable":true,"href":"https:\/\/www.mj2artesanos.es\/blog\/wp-json\/wp\/v2\/users\/1"}],"replies":[{"embeddable":true,"href":"https:\/\/www.mj2artesanos.es\/blog\/wp-json\/wp\/v2\/comments?post=368"}],"version-history":[{"count":0,"href":"https:\/\/www.mj2artesanos.es\/blog\/wp-json\/wp\/v2\/posts\/368\/revisions"}],"wp:featuredmedia":[{"embeddable":true,"href":"https:\/\/www.mj2artesanos.es\/blog\/wp-json\/wp\/v2\/media\/369"}],"wp:attachment":[{"href":"https:\/\/www.mj2artesanos.es\/blog\/wp-json\/wp\/v2\/media?parent=368"}],"wp:term":[{"taxonomy":"category","embeddable":true,"href":"https:\/\/www.mj2artesanos.es\/blog\/wp-json\/wp\/v2\/categories?post=368"},{"taxonomy":"post_tag","embeddable":true,"href":"https:\/\/www.mj2artesanos.es\/blog\/wp-json\/wp\/v2\/tags?post=368"}],"curies":[{"name":"wp","href":"https:\/\/api.w.org\/{rel}","templated":true}]}}