{"id":775,"date":"2013-05-16T19:13:59","date_gmt":"2013-05-16T18:13:59","guid":{"rendered":"http:\/\/www.mj2artesanos.es\/blog\/?p=775"},"modified":"2025-09-22T11:26:57","modified_gmt":"2025-09-22T10:26:57","slug":"nuestra-primera-maqueta","status":"publish","type":"post","link":"https:\/\/www.mj2artesanos.es\/blog\/nuestra-primera-maqueta\/","title":{"rendered":"Nuestra primera maqueta"},"content":{"rendered":"<p>All\u00e1 en 2005, a mediados de a\u00f1o, empezamos nuestra andadura profesional en el mundo de las maquetas de la mano de Escala Maquetas. En este caso se trataba de un mega-proyecto en La Manga del Mar Menor (Murcia), aunque a estas alturas no creo que se haga realidad. L\u00f3gicamente no dir\u00e9 nombres ni de proyectos ni de promotoras.<\/p>\n<figure id=\"attachment_778\" aria-describedby=\"caption-attachment-778\" style=\"width: 259px\" class=\"wp-caption alignright\"><img loading=\"lazy\" decoding=\"async\" class=\"size-large wp-image-778\" src=\"https:\/\/www.mj2artesanos.es\/blog\/wp-content\/uploads\/2013\/05\/RIMG0163-1024x768.jpg\" alt=\"Estructura de hierro\" width=\"259\" height=\"194\" srcset=\"https:\/\/www.mj2artesanos.es\/blog\/wp-content\/uploads\/2013\/05\/RIMG0163-1024x768.jpg 1024w, https:\/\/www.mj2artesanos.es\/blog\/wp-content\/uploads\/2013\/05\/RIMG0163-300x225.jpg 300w, https:\/\/www.mj2artesanos.es\/blog\/wp-content\/uploads\/2013\/05\/RIMG0163-400x300.jpg 400w, https:\/\/www.mj2artesanos.es\/blog\/wp-content\/uploads\/2013\/05\/RIMG0163-160x120.jpg 160w, https:\/\/www.mj2artesanos.es\/blog\/wp-content\/uploads\/2013\/05\/RIMG0163.jpg 2048w\" sizes=\"auto, (max-width: 259px) 100vw, 259px\" \/><figcaption id=\"caption-attachment-778\" class=\"wp-caption-text\">Estructura tubos de hierro<\/figcaption><\/figure>\n<p>El encargo se trataba de una maqueta redonda que dada la escala que nos ped\u00edan se iba a 3 metros de di\u00e1metro. Se le hizo una estructura, dividida en tres partes, de tubos de hierro forrada por los laterales de PVC para aligerarle todo lo posible de peso ya que los edificios ir\u00edan en metacrilato. En ese proyecto hab\u00eda de todo, edificios, chalets, campo de golf, fuentes, etc. As\u00ed que s\u00ed, empezamos con la maqueta mas sencilla por la que pod\u00edamos comenzar.<\/p>\n<figure id=\"attachment_778\" aria-describedby=\"caption-attachment-778\" style=\"width: 248px\" class=\"wp-caption alignleft\"><img loading=\"lazy\" decoding=\"async\" class=\" wp-image-778 \" src=\"https:\/\/www.mj2artesanos.es\/blog\/wp-content\/uploads\/2013\/05\/RIMG0188-1024x768.jpg\" alt=\"Edificio\" width=\"248\" height=\"274\" \/><figcaption id=\"caption-attachment-778\" class=\"wp-caption-text\">Edificio<\/figcaption><\/figure>\n<p>Como ya he dicho anteriormente, esta maqueta ten\u00eda de todo. Contaba con 6 edificios altos, un hotel, un spa, un campo de minigolf (putting course), 22 chalets adosados con su propio embarcadero, un aparcamiento que ocupaba toda la superficie de la parcela ya que todo lo anteriormente puesto iba en un nivel superior.<br class=\"yoast-text-mark\" \/>lass=\u00bbyoast-text-mark\u00bb \/&gt;&gt;A diferencia de lo normal, que es hacer edificios con cuatro paredes del material que sean y hueco por dentro, esta se hizo por forjados como se hacen los edificios a escala real. \u00bfPor qu\u00e9 hacerla as\u00ed? Pues simple, dichos edificios iban retranqueados haciendo como una escalera, por lo tanto la forma mas f\u00e1cil de hacerlo era por plantas.<\/p>\n<figure id=\"attachment_778\" aria-describedby=\"caption-attachment-778\" style=\"width: 584px\" class=\"wp-caption alignright\"><a href=\"https:\/\/www.mj2artesanos.es\/blog\/wp-content\/uploads\/2013\/05\/RIMG0174.jpg\"><img loading=\"lazy\" decoding=\"async\" class=\"size-large wp-image-778\" src=\"https:\/\/www.mj2artesanos.es\/blog\/wp-content\/uploads\/2013\/05\/RIMG0174-1024x768.jpg\" alt=\"Adosados\" width=\"584\" height=\"438\" \/><\/a><figcaption id=\"caption-attachment-778\" class=\"wp-caption-text\">Adosados<\/figcaption><\/figure>\n<p>Como veis, era la forma mas sencilla de hacerlo aunque despu\u00e9s hubiera que pegarle el exterior rayado como iba en el proyecto original. El hotel tambi\u00e9n se hizo con el mismo m\u00e9todo que los edificios, tambi\u00e9n por forjados porque tambi\u00e9n ten\u00eda la misma forma escalonada y estaba coronado por un helipuerto entre las dos torres que lo formaban.<br class=\"yoast-text-mark\" \/>&gt;Los chalets, 22 grupos de dos adosados repartidos, 11 en una zona y 11 en otra, en lugares distintos de la parcela se hicieron dado que la escala nos lo permit\u00eda en tacos de metacrilato con los diferentes elementos, pilares vistos, p\u00e9rgolas, barandillas y dem\u00e1s puestos encima. Estos elementos tambi\u00e9n se hicieron en metacrilato.<\/p>\n<p><img loading=\"lazy\" decoding=\"async\" width=\"1024\" height=\"768\" class=\"size-large wp-image-781\" src=\"https:\/\/www.mj2artesanos.es\/blog\/wp-content\/uploads\/2013\/05\/RIMG0066-1024x768.jpg\" srcset=\"https:\/\/www.mj2artesanos.es\/blog\/wp-content\/uploads\/2013\/05\/RIMG0066-1024x768.jpg 1024w, https:\/\/www.mj2artesanos.es\/blog\/wp-content\/uploads\/2013\/05\/RIMG0066-300x225.jpg 300w, https:\/\/www.mj2artesanos.es\/blog\/wp-content\/uploads\/2013\/05\/RIMG0066-400x300.jpg 400w, https:\/\/www.mj2artesanos.es\/blog\/wp-content\/uploads\/2013\/05\/RIMG0066-160x120.jpg 160w, https:\/\/www.mj2artesanos.es\/blog\/wp-content\/uploads\/2013\/05\/RIMG0066.jpg 2048w\" sizes=\"auto, (max-width: 1024px) 100vw, 1024px\" \/><\/p>\n<p>La zona del campo de golf (putting course) se hizo en una plancha de metacrilato con c\u00e9sped por encima. Se le pint\u00f3 las zonas de diferente c\u00e9sped de un verde m\u00e1s oscuro para diferenciar zonas. En esta maqueta pusimos una plancha transparente para que se viera lo que hab\u00eda debajo, que era un aparcamiento el cual se extend\u00eda por todo la parte inferior del proyecto.<\/p>\n<p>En el centro de la maqueta iba un Spa que constaba de un edificio redondo con una c\u00fapula. Tambi\u00e9n hab\u00eda varias fuentes de las cuales tengo buen recuerdo de una ya que la hice colocando trocitos de hilo de pescar uno pegado al otro y la verdad es que qued\u00f3 bastante bonita.<\/p>\n<p>Pues esta fue nuestra primera maqueta, <a title=\"Nuestra primera maqueta\" href=\"https:\/\/www.mj2artesanos.es\/blog\/?gallery=nuestra-primera-maqueta\" target=\"_blank\" rel=\"noopener\">aqu\u00ed<\/a> ten\u00e9is mas fotos de esta maqueta. Espero que os haya gustado.<\/p>\n<p><figure id=\"attachment_794\" aria-describedby=\"caption-attachment-794\" style=\"width: 800px\" class=\"wp-caption aligncenter\"><img loading=\"lazy\" decoding=\"async\" class=\"size-full wp-image-794\" src=\"https:\/\/www.mj2artesanos.es\/blog\/wp-content\/uploads\/2013\/05\/Vista-completa.jpg\" alt=\"Vista completa\" width=\"800\" height=\"600\" srcset=\"https:\/\/www.mj2artesanos.es\/blog\/wp-content\/uploads\/2013\/05\/Vista-completa.jpg 800w, https:\/\/www.mj2artesanos.es\/blog\/wp-content\/uploads\/2013\/05\/Vista-completa-300x225.jpg 300w, https:\/\/www.mj2artesanos.es\/blog\/wp-content\/uploads\/2013\/05\/Vista-completa-400x300.jpg 400w, https:\/\/www.mj2artesanos.es\/blog\/wp-content\/uploads\/2013\/05\/Vista-completa-160x120.jpg 160w\" sizes=\"auto, (max-width: 800px) 100vw, 800px\" \/><figcaption id=\"caption-attachment-794\" class=\"wp-caption-text\">Vista completa<\/figcaption><\/figure><\/p>","protected":false},"excerpt":{"rendered":"<p>Nuestra primera maqueta<\/p>\n","protected":false},"author":1,"featured_media":825,"comment_status":"open","ping_status":"open","sticky":false,"template":"","format":"standard","meta":{"_crdt_document":"","advgb_blocks_editor_width":"","advgb_blocks_columns_visual_guide":"","two_page_speed":[],"footnotes":""},"categories":[197],"tags":[199,198,164,171],"class_list":["post-775","post","type-post","status-publish","format-standard","has-post-thumbnail","hentry","category-maquetas","tag-architecture","tag-arquitectura","tag-maqueta","tag-model"],"yoast_head":"<!-- This site is optimized with the Yoast SEO plugin v27.4 - https:\/\/yoast.com\/product\/yoast-seo-wordpress\/ -->\n<title>Nuestra primera maqueta - MJ2 Artesanos<\/title>\n<meta name=\"description\" content=\"All\u00e1 en 2005, a mediados de a\u00f1o, empezamos nuestra andadura profesional en el mundo de las maquetas de la mano de Escala Maquetas.\" \/>\n<meta name=\"robots\" content=\"index, follow, max-snippet:-1, max-image-preview:large, max-video-preview:-1\" \/>\n<link rel=\"canonical\" href=\"https:\/\/www.mj2artesanos.es\/blog\/nuestra-primera-maqueta\/\" \/>\n<meta property=\"og:locale\" content=\"es_ES\" \/>\n<meta property=\"og:type\" content=\"article\" \/>\n<meta property=\"og:title\" content=\"[:es]Nuestra primera maqueta[:en]Our first model.[:] - MJ2 Artesanos\" \/>\n<meta property=\"og:description\" content=\"All\u00e1 en 2005, a mediados de a\u00f1o, empezamos nuestra andadura profesional en el mundo de las maquetas de la mano de Escala Maquetas.\" \/>\n<meta property=\"og:url\" content=\"https:\/\/www.mj2artesanos.es\/blog\/nuestra-primera-maqueta\/\" \/>\n<meta property=\"og:site_name\" content=\"MJ2 Artesanos\" \/>\n<meta property=\"article:published_time\" content=\"2013-05-16T18:13:59+00:00\" \/>\n<meta property=\"article:modified_time\" content=\"2025-09-22T10:26:57+00:00\" \/>\n<meta property=\"og:image\" content=\"https:\/\/www.mj2artesanos.es\/blog\/wp-content\/uploads\/2013\/05\/imagen-destacada.jpg\" \/>\n\t<meta property=\"og:image:width\" content=\"1000\" \/>\n\t<meta property=\"og:image:height\" content=\"400\" \/>\n\t<meta property=\"og:image:type\" content=\"image\/jpeg\" \/>\n<meta name=\"author\" content=\"Mj2\" \/>\n<meta name=\"twitter:card\" content=\"summary_large_image\" \/>\n<meta name=\"twitter:label1\" content=\"Escrito por\" \/>\n\t<meta name=\"twitter:data1\" content=\"Mj2\" \/>\n\t<meta name=\"twitter:label2\" content=\"Tiempo de lectura\" \/>\n\t<meta name=\"twitter:data2\" content=\"4 minutos\" \/>\n<script type=\"application\/ld+json\" class=\"yoast-schema-graph\">{\"@context\":\"https:\\\/\\\/schema.org\",\"@graph\":[{\"@type\":\"Article\",\"@id\":\"https:\\\/\\\/www.mj2artesanos.es\\\/blog\\\/nuestra-primera-maqueta\\\/#article\",\"isPartOf\":{\"@id\":\"https:\\\/\\\/www.mj2artesanos.es\\\/blog\\\/nuestra-primera-maqueta\\\/\"},\"author\":{\"name\":\"Mj2\",\"@id\":\"https:\\\/\\\/www.mj2artesanos.es\\\/blog\\\/#\\\/schema\\\/person\\\/d83d8b33e690d56625964d2da25dacbe\"},\"headline\":\"Nuestra primera maqueta\",\"datePublished\":\"2013-05-16T18:13:59+00:00\",\"dateModified\":\"2025-09-22T10:26:57+00:00\",\"mainEntityOfPage\":{\"@id\":\"https:\\\/\\\/www.mj2artesanos.es\\\/blog\\\/nuestra-primera-maqueta\\\/\"},\"wordCount\":1060,\"commentCount\":0,\"publisher\":{\"@id\":\"https:\\\/\\\/www.mj2artesanos.es\\\/blog\\\/#organization\"},\"image\":{\"@id\":\"https:\\\/\\\/www.mj2artesanos.es\\\/blog\\\/nuestra-primera-maqueta\\\/#primaryimage\"},\"thumbnailUrl\":\"https:\\\/\\\/www.mj2artesanos.es\\\/blog\\\/wp-content\\\/uploads\\\/2013\\\/05\\\/imagen-destacada.jpg\",\"keywords\":[\"architecture\",\"arquitectura\",\"maqueta\",\"model\"],\"articleSection\":[\"Maquetas\"],\"inLanguage\":\"es\",\"potentialAction\":[{\"@type\":\"CommentAction\",\"name\":\"Comment\",\"target\":[\"https:\\\/\\\/www.mj2artesanos.es\\\/blog\\\/nuestra-primera-maqueta\\\/#respond\"]}]},{\"@type\":\"WebPage\",\"@id\":\"https:\\\/\\\/www.mj2artesanos.es\\\/blog\\\/nuestra-primera-maqueta\\\/\",\"url\":\"https:\\\/\\\/www.mj2artesanos.es\\\/blog\\\/nuestra-primera-maqueta\\\/\",\"name\":\"[:es]Nuestra primera maqueta[:en]Our first model.[:] - MJ2 Artesanos\",\"isPartOf\":{\"@id\":\"https:\\\/\\\/www.mj2artesanos.es\\\/blog\\\/#website\"},\"primaryImageOfPage\":{\"@id\":\"https:\\\/\\\/www.mj2artesanos.es\\\/blog\\\/nuestra-primera-maqueta\\\/#primaryimage\"},\"image\":{\"@id\":\"https:\\\/\\\/www.mj2artesanos.es\\\/blog\\\/nuestra-primera-maqueta\\\/#primaryimage\"},\"thumbnailUrl\":\"https:\\\/\\\/www.mj2artesanos.es\\\/blog\\\/wp-content\\\/uploads\\\/2013\\\/05\\\/imagen-destacada.jpg\",\"datePublished\":\"2013-05-16T18:13:59+00:00\",\"dateModified\":\"2025-09-22T10:26:57+00:00\",\"description\":\"All\u00e1 en 2005, a mediados de a\u00f1o, empezamos nuestra andadura profesional en el mundo de las maquetas de la mano de Escala Maquetas.\",\"breadcrumb\":{\"@id\":\"https:\\\/\\\/www.mj2artesanos.es\\\/blog\\\/nuestra-primera-maqueta\\\/#breadcrumb\"},\"inLanguage\":\"es\",\"potentialAction\":[{\"@type\":\"ReadAction\",\"target\":[\"https:\\\/\\\/www.mj2artesanos.es\\\/blog\\\/nuestra-primera-maqueta\\\/\"]}]},{\"@type\":\"ImageObject\",\"inLanguage\":\"es\",\"@id\":\"https:\\\/\\\/www.mj2artesanos.es\\\/blog\\\/nuestra-primera-maqueta\\\/#primaryimage\",\"url\":\"https:\\\/\\\/www.mj2artesanos.es\\\/blog\\\/wp-content\\\/uploads\\\/2013\\\/05\\\/imagen-destacada.jpg\",\"contentUrl\":\"https:\\\/\\\/www.mj2artesanos.es\\\/blog\\\/wp-content\\\/uploads\\\/2013\\\/05\\\/imagen-destacada.jpg\",\"width\":1000,\"height\":400,\"caption\":\"Maqueta complejo tur\u00edstico\"},{\"@type\":\"BreadcrumbList\",\"@id\":\"https:\\\/\\\/www.mj2artesanos.es\\\/blog\\\/nuestra-primera-maqueta\\\/#breadcrumb\",\"itemListElement\":[{\"@type\":\"ListItem\",\"position\":1,\"name\":\"Portada\",\"item\":\"https:\\\/\\\/www.mj2artesanos.es\\\/blog\\\/\"},{\"@type\":\"ListItem\",\"position\":2,\"name\":\"Nuestra primera maqueta\"}]},{\"@type\":\"WebSite\",\"@id\":\"https:\\\/\\\/www.mj2artesanos.es\\\/blog\\\/#website\",\"url\":\"https:\\\/\\\/www.mj2artesanos.es\\\/blog\\\/\",\"name\":\"[:es]MJ2 Artesanos[:]\",\"description\":\"R\u00e9plicas artesanales inspiradas en historia, arqueolog\u00eda y cine. Piezas hechas a mano para coleccionistas, recreaci\u00f3n y decoraci\u00f3n. Artesan\u00eda \u00fanica.\",\"publisher\":{\"@id\":\"https:\\\/\\\/www.mj2artesanos.es\\\/blog\\\/#organization\"},\"alternateName\":\"Mj2 Artesanos arte desde el taller\",\"potentialAction\":[{\"@type\":\"SearchAction\",\"target\":{\"@type\":\"EntryPoint\",\"urlTemplate\":\"https:\\\/\\\/www.mj2artesanos.es\\\/blog\\\/?s={search_term_string}\"},\"query-input\":{\"@type\":\"PropertyValueSpecification\",\"valueRequired\":true,\"valueName\":\"search_term_string\"}}],\"inLanguage\":\"es\"},{\"@type\":\"Organization\",\"@id\":\"https:\\\/\\\/www.mj2artesanos.es\\\/blog\\\/#organization\",\"name\":\"[:es]MJ2 Artesanos[:]\",\"alternateName\":\"Artesanos del tiempo\",\"url\":\"https:\\\/\\\/www.mj2artesanos.es\\\/blog\\\/\",\"logo\":{\"@type\":\"ImageObject\",\"inLanguage\":\"es\",\"@id\":\"https:\\\/\\\/www.mj2artesanos.es\\\/blog\\\/#\\\/schema\\\/logo\\\/image\\\/\",\"url\":\"https:\\\/\\\/www.mj2artesanos.es\\\/blog\\\/wp-content\\\/uploads\\\/2025\\\/05\\\/Logo-2025.png\",\"contentUrl\":\"https:\\\/\\\/www.mj2artesanos.es\\\/blog\\\/wp-content\\\/uploads\\\/2025\\\/05\\\/Logo-2025.png\",\"width\":150,\"height\":150,\"caption\":\"[:es]MJ2 Artesanos[:]\"},\"image\":{\"@id\":\"https:\\\/\\\/www.mj2artesanos.es\\\/blog\\\/#\\\/schema\\\/logo\\\/image\\\/\"}},{\"@type\":\"Person\",\"@id\":\"https:\\\/\\\/www.mj2artesanos.es\\\/blog\\\/#\\\/schema\\\/person\\\/d83d8b33e690d56625964d2da25dacbe\",\"name\":\"Mj2\",\"image\":{\"@type\":\"ImageObject\",\"inLanguage\":\"es\",\"@id\":\"https:\\\/\\\/secure.gravatar.com\\\/avatar\\\/9531ba13df63e2566b0071be36796c8f49b308e9397edd95b2818fa19deefeff?s=96&d=mm&r=g\",\"url\":\"https:\\\/\\\/secure.gravatar.com\\\/avatar\\\/9531ba13df63e2566b0071be36796c8f49b308e9397edd95b2818fa19deefeff?s=96&d=mm&r=g\",\"contentUrl\":\"https:\\\/\\\/secure.gravatar.com\\\/avatar\\\/9531ba13df63e2566b0071be36796c8f49b308e9397edd95b2818fa19deefeff?s=96&d=mm&r=g\",\"caption\":\"Mj2\"},\"sameAs\":[\"http:\\\/\\\/www.mj2artesanos.es\\\/tienda\"],\"url\":\"https:\\\/\\\/www.mj2artesanos.es\\\/blog\\\/author\\\/cedito\\\/\"}]}<\/script>\n<!-- \/ Yoast SEO plugin. -->","yoast_head_json":{"title":"[:es]Nuestra primera maqueta[:en]Our first model.[:] - MJ2 Artesanos","description":"All\u00e1 en 2005, a mediados de a\u00f1o, empezamos nuestra andadura profesional en el mundo de las maquetas de la mano de Escala Maquetas.","robots":{"index":"index","follow":"follow","max-snippet":"max-snippet:-1","max-image-preview":"max-image-preview:large","max-video-preview":"max-video-preview:-1"},"canonical":"https:\/\/www.mj2artesanos.es\/blog\/nuestra-primera-maqueta\/","og_locale":"es_ES","og_type":"article","og_title":"[:es]Nuestra primera maqueta[:en]Our first model.[:] - MJ2 Artesanos","og_description":"All\u00e1 en 2005, a mediados de a\u00f1o, empezamos nuestra andadura profesional en el mundo de las maquetas de la mano de Escala Maquetas.","og_url":"https:\/\/www.mj2artesanos.es\/blog\/nuestra-primera-maqueta\/","og_site_name":"MJ2 Artesanos","article_published_time":"2013-05-16T18:13:59+00:00","article_modified_time":"2025-09-22T10:26:57+00:00","og_image":[{"width":1000,"height":400,"url":"https:\/\/www.mj2artesanos.es\/blog\/wp-content\/uploads\/2013\/05\/imagen-destacada.jpg","type":"image\/jpeg"}],"author":"Mj2","twitter_card":"summary_large_image","twitter_misc":{"Escrito por":"Mj2","Tiempo de lectura":"4 minutos"},"schema":{"@context":"https:\/\/schema.org","@graph":[{"@type":"Article","@id":"https:\/\/www.mj2artesanos.es\/blog\/nuestra-primera-maqueta\/#article","isPartOf":{"@id":"https:\/\/www.mj2artesanos.es\/blog\/nuestra-primera-maqueta\/"},"author":{"name":"Mj2","@id":"https:\/\/www.mj2artesanos.es\/blog\/#\/schema\/person\/d83d8b33e690d56625964d2da25dacbe"},"headline":"Nuestra primera maqueta","datePublished":"2013-05-16T18:13:59+00:00","dateModified":"2025-09-22T10:26:57+00:00","mainEntityOfPage":{"@id":"https:\/\/www.mj2artesanos.es\/blog\/nuestra-primera-maqueta\/"},"wordCount":1060,"commentCount":0,"publisher":{"@id":"https:\/\/www.mj2artesanos.es\/blog\/#organization"},"image":{"@id":"https:\/\/www.mj2artesanos.es\/blog\/nuestra-primera-maqueta\/#primaryimage"},"thumbnailUrl":"https:\/\/www.mj2artesanos.es\/blog\/wp-content\/uploads\/2013\/05\/imagen-destacada.jpg","keywords":["architecture","arquitectura","maqueta","model"],"articleSection":["Maquetas"],"inLanguage":"es","potentialAction":[{"@type":"CommentAction","name":"Comment","target":["https:\/\/www.mj2artesanos.es\/blog\/nuestra-primera-maqueta\/#respond"]}]},{"@type":"WebPage","@id":"https:\/\/www.mj2artesanos.es\/blog\/nuestra-primera-maqueta\/","url":"https:\/\/www.mj2artesanos.es\/blog\/nuestra-primera-maqueta\/","name":"[:es]Nuestra primera maqueta[:en]Our first model.[:] - MJ2 Artesanos","isPartOf":{"@id":"https:\/\/www.mj2artesanos.es\/blog\/#website"},"primaryImageOfPage":{"@id":"https:\/\/www.mj2artesanos.es\/blog\/nuestra-primera-maqueta\/#primaryimage"},"image":{"@id":"https:\/\/www.mj2artesanos.es\/blog\/nuestra-primera-maqueta\/#primaryimage"},"thumbnailUrl":"https:\/\/www.mj2artesanos.es\/blog\/wp-content\/uploads\/2013\/05\/imagen-destacada.jpg","datePublished":"2013-05-16T18:13:59+00:00","dateModified":"2025-09-22T10:26:57+00:00","description":"All\u00e1 en 2005, a mediados de a\u00f1o, empezamos nuestra andadura profesional en el mundo de las maquetas de la mano de Escala Maquetas.","breadcrumb":{"@id":"https:\/\/www.mj2artesanos.es\/blog\/nuestra-primera-maqueta\/#breadcrumb"},"inLanguage":"es","potentialAction":[{"@type":"ReadAction","target":["https:\/\/www.mj2artesanos.es\/blog\/nuestra-primera-maqueta\/"]}]},{"@type":"ImageObject","inLanguage":"es","@id":"https:\/\/www.mj2artesanos.es\/blog\/nuestra-primera-maqueta\/#primaryimage","url":"https:\/\/www.mj2artesanos.es\/blog\/wp-content\/uploads\/2013\/05\/imagen-destacada.jpg","contentUrl":"https:\/\/www.mj2artesanos.es\/blog\/wp-content\/uploads\/2013\/05\/imagen-destacada.jpg","width":1000,"height":400,"caption":"Maqueta complejo tur\u00edstico"},{"@type":"BreadcrumbList","@id":"https:\/\/www.mj2artesanos.es\/blog\/nuestra-primera-maqueta\/#breadcrumb","itemListElement":[{"@type":"ListItem","position":1,"name":"Portada","item":"https:\/\/www.mj2artesanos.es\/blog\/"},{"@type":"ListItem","position":2,"name":"Nuestra primera maqueta"}]},{"@type":"WebSite","@id":"https:\/\/www.mj2artesanos.es\/blog\/#website","url":"https:\/\/www.mj2artesanos.es\/blog\/","name":"[:es]MJ2 Artesanos[:]","description":"R\u00e9plicas artesanales inspiradas en historia, arqueolog\u00eda y cine. Piezas hechas a mano para coleccionistas, recreaci\u00f3n y decoraci\u00f3n. Artesan\u00eda \u00fanica.","publisher":{"@id":"https:\/\/www.mj2artesanos.es\/blog\/#organization"},"alternateName":"Mj2 Artesanos arte desde el taller","potentialAction":[{"@type":"SearchAction","target":{"@type":"EntryPoint","urlTemplate":"https:\/\/www.mj2artesanos.es\/blog\/?s={search_term_string}"},"query-input":{"@type":"PropertyValueSpecification","valueRequired":true,"valueName":"search_term_string"}}],"inLanguage":"es"},{"@type":"Organization","@id":"https:\/\/www.mj2artesanos.es\/blog\/#organization","name":"[:es]MJ2 Artesanos[:]","alternateName":"Artesanos del tiempo","url":"https:\/\/www.mj2artesanos.es\/blog\/","logo":{"@type":"ImageObject","inLanguage":"es","@id":"https:\/\/www.mj2artesanos.es\/blog\/#\/schema\/logo\/image\/","url":"https:\/\/www.mj2artesanos.es\/blog\/wp-content\/uploads\/2025\/05\/Logo-2025.png","contentUrl":"https:\/\/www.mj2artesanos.es\/blog\/wp-content\/uploads\/2025\/05\/Logo-2025.png","width":150,"height":150,"caption":"[:es]MJ2 Artesanos[:]"},"image":{"@id":"https:\/\/www.mj2artesanos.es\/blog\/#\/schema\/logo\/image\/"}},{"@type":"Person","@id":"https:\/\/www.mj2artesanos.es\/blog\/#\/schema\/person\/d83d8b33e690d56625964d2da25dacbe","name":"Mj2","image":{"@type":"ImageObject","inLanguage":"es","@id":"https:\/\/secure.gravatar.com\/avatar\/9531ba13df63e2566b0071be36796c8f49b308e9397edd95b2818fa19deefeff?s=96&d=mm&r=g","url":"https:\/\/secure.gravatar.com\/avatar\/9531ba13df63e2566b0071be36796c8f49b308e9397edd95b2818fa19deefeff?s=96&d=mm&r=g","contentUrl":"https:\/\/secure.gravatar.com\/avatar\/9531ba13df63e2566b0071be36796c8f49b308e9397edd95b2818fa19deefeff?s=96&d=mm&r=g","caption":"Mj2"},"sameAs":["http:\/\/www.mj2artesanos.es\/tienda"],"url":"https:\/\/www.mj2artesanos.es\/blog\/author\/cedito\/"}]}},"author_meta":{"display_name":"Mj2","author_link":"https:\/\/www.mj2artesanos.es\/blog\/author\/cedito\/"},"featured_img":"https:\/\/www.mj2artesanos.es\/blog\/wp-content\/uploads\/2013\/05\/imagen-destacada-300x120.jpg","coauthors":[],"tax_additional":{"categories":{"linked":["<a href=\"https:\/\/www.mj2artesanos.es\/blog\/category\/maquetas\/\" class=\"advgb-post-tax-term\">Maquetas<\/a>"],"unlinked":["<span class=\"advgb-post-tax-term\">Maquetas<\/span>"]},"tags":{"linked":["<a href=\"https:\/\/www.mj2artesanos.es\/blog\/category\/maquetas\/\" class=\"advgb-post-tax-term\">architecture<\/a>","<a href=\"https:\/\/www.mj2artesanos.es\/blog\/category\/maquetas\/\" class=\"advgb-post-tax-term\">arquitectura<\/a>","<a href=\"https:\/\/www.mj2artesanos.es\/blog\/category\/maquetas\/\" class=\"advgb-post-tax-term\">maqueta<\/a>","<a href=\"https:\/\/www.mj2artesanos.es\/blog\/category\/maquetas\/\" class=\"advgb-post-tax-term\">model<\/a>"],"unlinked":["<span class=\"advgb-post-tax-term\">architecture<\/span>","<span class=\"advgb-post-tax-term\">arquitectura<\/span>","<span class=\"advgb-post-tax-term\">maqueta<\/span>","<span class=\"advgb-post-tax-term\">model<\/span>"]}},"comment_count":"0","relative_dates":{"created":"Publicado 13 a\u00f1os hace","modified":"Actualizado 7 meses hace"},"absolute_dates":{"created":"Publicado el 16 mayo, 2013","modified":"Actualizado el 22 septiembre, 2025"},"absolute_dates_time":{"created":"Publicado el 16 mayo, 2013 19:13","modified":"Actualizado el 22 septiembre, 2025 11:26"},"featured_img_caption":"","series_order":"","_links":{"self":[{"href":"https:\/\/www.mj2artesanos.es\/blog\/wp-json\/wp\/v2\/posts\/775","targetHints":{"allow":["GET"]}}],"collection":[{"href":"https:\/\/www.mj2artesanos.es\/blog\/wp-json\/wp\/v2\/posts"}],"about":[{"href":"https:\/\/www.mj2artesanos.es\/blog\/wp-json\/wp\/v2\/types\/post"}],"author":[{"embeddable":true,"href":"https:\/\/www.mj2artesanos.es\/blog\/wp-json\/wp\/v2\/users\/1"}],"replies":[{"embeddable":true,"href":"https:\/\/www.mj2artesanos.es\/blog\/wp-json\/wp\/v2\/comments?post=775"}],"version-history":[{"count":0,"href":"https:\/\/www.mj2artesanos.es\/blog\/wp-json\/wp\/v2\/posts\/775\/revisions"}],"wp:featuredmedia":[{"embeddable":true,"href":"https:\/\/www.mj2artesanos.es\/blog\/wp-json\/wp\/v2\/media\/825"}],"wp:attachment":[{"href":"https:\/\/www.mj2artesanos.es\/blog\/wp-json\/wp\/v2\/media?parent=775"}],"wp:term":[{"taxonomy":"category","embeddable":true,"href":"https:\/\/www.mj2artesanos.es\/blog\/wp-json\/wp\/v2\/categories?post=775"},{"taxonomy":"post_tag","embeddable":true,"href":"https:\/\/www.mj2artesanos.es\/blog\/wp-json\/wp\/v2\/tags?post=775"}],"curies":[{"name":"wp","href":"https:\/\/api.w.org\/{rel}","templated":true}]}}