{"id":902,"date":"2013-07-09T20:59:56","date_gmt":"2013-07-09T19:59:56","guid":{"rendered":"http:\/\/www.mj2artesanos.es\/blog\/?p=902"},"modified":"2025-09-22T11:39:44","modified_gmt":"2025-09-22T10:39:44","slug":"vagones-de-tren-personalizados","status":"publish","type":"post","link":"https:\/\/www.mj2artesanos.es\/blog\/vagones-de-tren-personalizados\/","title":{"rendered":"Vagones de tren personalizados."},"content":{"rendered":"<p>Hoy vuelvo a hablar de nuestra \u00e9poca de maquetistas, pero esta vez de la segunda etapa, la de maquetistas de trenes en Trenes y Maquetas S.L. (TREYMA). Entre maqueta y maqueta, cuando no hab\u00eda una gran carga de trabajo, busc\u00e1bamos la manera de solucionar los problemas que hab\u00edamos tenido en la \u00faltima maqueta realizada o c\u00f3mo optimizar nuestra forma de hacerlas.<\/p>\n<figure id=\"attachment_911\" aria-describedby=\"caption-attachment-911\" style=\"width: 300px\" class=\"wp-caption alignright\"><a href=\"https:\/\/www.mj2artesanos.es\/blog\/wp-content\/uploads\/2013\/07\/resized_RIMG0131.jpg\"><img loading=\"lazy\" decoding=\"async\" class=\"size-medium wp-image-911\" src=\"https:\/\/www.mj2artesanos.es\/blog\/wp-content\/uploads\/2013\/07\/resized_RIMG0131-300x225.jpg\" alt=\"Nasa STS\" width=\"300\" height=\"225\" srcset=\"https:\/\/www.mj2artesanos.es\/blog\/wp-content\/uploads\/2013\/07\/resized_RIMG0131-300x225.jpg 300w, https:\/\/www.mj2artesanos.es\/blog\/wp-content\/uploads\/2013\/07\/resized_RIMG0131-1024x768.jpg 1024w, https:\/\/www.mj2artesanos.es\/blog\/wp-content\/uploads\/2013\/07\/resized_RIMG0131-400x300.jpg 400w, https:\/\/www.mj2artesanos.es\/blog\/wp-content\/uploads\/2013\/07\/resized_RIMG0131-160x120.jpg 160w, https:\/\/www.mj2artesanos.es\/blog\/wp-content\/uploads\/2013\/07\/resized_RIMG0131.jpg 1408w\" sizes=\"auto, (max-width: 300px) 100vw, 300px\" \/><\/a><figcaption id=\"caption-attachment-911\" class=\"wp-caption-text\">Nasa STS<\/figcaption><\/figure>\n<p>La adquisici\u00f3n de nuevas m\u00e1quinas tambi\u00e9n nos hac\u00eda el tener que familiarizarnos con ellas. Hab\u00eda que aprender su funcionamiento para sacarles todo el rendimiento posible. Pues bien, si juntamos la falta de carga de trabajo, la soluci\u00f3n de problemas y la m\u00e1quina nueva nos sale el tema de personalizaci\u00f3n de vagones, locomotoras, etc.<\/p>\n<p>Un d\u00eda, nos encargaron una maqueta que si bien no era grande en tama\u00f1o, exig\u00eda muchas repeticiones y llevaba unas pegatinas que hab\u00eda que recortar. De ah\u00ed que decidi\u00e9ramos comprar un plotter de corte de vinilo.<\/p>\n<p>El plotter que compramos un Secabo C30 III, contaba con un sistema de posicionamiento l\u00e1ser. Este sistema permite, una vez impreso lo que quieras cortar en la impresora, colocarlo para su corte en el plotter. Sistema mas que \u00fatil a la hora de imprimir y cortar calcas.<\/p>\n<figure id=\"attachment_905\" aria-describedby=\"caption-attachment-905\" style=\"width: 300px\" class=\"wp-caption alignleft\"><a href=\"https:\/\/www.mj2artesanos.es\/blog\/wp-content\/uploads\/2013\/07\/IMAG0007.jpg\"><img loading=\"lazy\" decoding=\"async\" class=\"size-medium wp-image-905\" src=\"https:\/\/www.mj2artesanos.es\/blog\/wp-content\/uploads\/2013\/07\/IMAG0007-300x179.jpg\" alt=\"Star Wars\" width=\"300\" height=\"179\" srcset=\"https:\/\/www.mj2artesanos.es\/blog\/wp-content\/uploads\/2013\/07\/IMAG0007-300x179.jpg 300w, https:\/\/www.mj2artesanos.es\/blog\/wp-content\/uploads\/2013\/07\/IMAG0007-1024x613.jpg 1024w, https:\/\/www.mj2artesanos.es\/blog\/wp-content\/uploads\/2013\/07\/IMAG0007-500x300.jpg 500w\" sizes=\"auto, (max-width: 300px) 100vw, 300px\" \/><\/a><figcaption id=\"caption-attachment-905\" class=\"wp-caption-text\">Star Wars<\/figcaption><\/figure>\n<p>Uno de los problemas que m\u00e1s me molestaba con el tema de las calcas era el de las calcas con fondo blanco. Estas calcas al ser mas gruesas que las transparentes, mostraban los cantos blancos al colocarlas. Adem\u00e1s, si se colocaban en alg\u00fan sitio con un fondo oscuro, se notaba una barbaridad. Pues bien, la soluci\u00f3n a este problema pasaba por cortar la forma de la calca en m\u00e1scara de vinilo, pintarlo de blanco y pegarle una calca transparente. El resultado era m\u00e1s que aceptable, era casi perfecto.<\/p>\n<p>Como adem\u00e1s de taller de maquetas, TREYMA era tienda de trenes, ten\u00edamos unos vagones de mercanc\u00edas de H0 con los cuales pod\u00edamos probar t\u00e9cnicas nuevas para el pintado y el rotulado de futuras maquetas.<\/p>\n<figure id=\"attachment_917\" aria-describedby=\"caption-attachment-917\" style=\"width: 584px\" class=\"wp-caption aligncenter\"><a href=\"https:\/\/www.mj2artesanos.es\/blog\/wp-content\/uploads\/2013\/07\/IMG_20110406_150438.jpg\"><img loading=\"lazy\" decoding=\"async\" class=\"size-large wp-image-917\" src=\"https:\/\/www.mj2artesanos.es\/blog\/wp-content\/uploads\/2013\/07\/IMG_20110406_150438-1024x768.jpg\" alt=\"Thor\" width=\"584\" height=\"438\" srcset=\"https:\/\/www.mj2artesanos.es\/blog\/wp-content\/uploads\/2013\/07\/IMG_20110406_150438-1024x768.jpg 1024w, https:\/\/www.mj2artesanos.es\/blog\/wp-content\/uploads\/2013\/07\/IMG_20110406_150438-300x225.jpg 300w, https:\/\/www.mj2artesanos.es\/blog\/wp-content\/uploads\/2013\/07\/IMG_20110406_150438-400x300.jpg 400w, https:\/\/www.mj2artesanos.es\/blog\/wp-content\/uploads\/2013\/07\/IMG_20110406_150438-160x120.jpg 160w\" sizes=\"auto, (max-width: 584px) 100vw, 584px\" \/><\/a><figcaption id=\"caption-attachment-917\" class=\"wp-caption-text\">Thor<\/figcaption><\/figure>\n<p>&nbsp;<\/p>","protected":false},"excerpt":{"rendered":"<p>Personalizaci\u00f3n de vagones de tren<\/p>\n","protected":false},"author":1,"featured_media":917,"comment_status":"open","ping_status":"open","sticky":false,"template":"","format":"standard","meta":{"_crdt_document":"","advgb_blocks_editor_width":"","advgb_blocks_columns_visual_guide":"","two_page_speed":[],"footnotes":""},"categories":[197,82],"tags":[214,212,171,215,216,213,217],"class_list":["post-902","post","type-post","status-publish","format-standard","has-post-thumbnail","hentry","category-maquetas","category-personalizacion","tag-h0","tag-maquetas-2","tag-model","tag-railway","tag-stock-cars","tag-trenes","tag-treyma"],"yoast_head":"<!-- This site is optimized with the Yoast SEO plugin v27.4 - https:\/\/yoast.com\/product\/yoast-seo-wordpress\/ -->\n<title>Vagones de tren personalizados. - MJ2 Artesanos<\/title>\n<meta name=\"description\" content=\"Hoy vuelvo a hablar de nuestra \u00e9poca de maquetistas, pero esta vez de la segunda etapa, la de maquetistas de trenes en Trenes y Maquetas\" \/>\n<meta name=\"robots\" content=\"index, follow, max-snippet:-1, max-image-preview:large, max-video-preview:-1\" \/>\n<link rel=\"canonical\" href=\"https:\/\/www.mj2artesanos.es\/blog\/vagones-de-tren-personalizados\/\" \/>\n<meta property=\"og:locale\" content=\"es_ES\" \/>\n<meta property=\"og:type\" content=\"article\" \/>\n<meta property=\"og:title\" content=\"[:es]Vagones de tren personalizados.[:en]Custom railway stock cars.[:] - MJ2 Artesanos\" \/>\n<meta property=\"og:description\" content=\"Hoy vuelvo a hablar de nuestra \u00e9poca de maquetistas, pero esta vez de la segunda etapa, la de maquetistas de trenes en Trenes y Maquetas\" \/>\n<meta property=\"og:url\" content=\"https:\/\/www.mj2artesanos.es\/blog\/vagones-de-tren-personalizados\/\" \/>\n<meta property=\"og:site_name\" content=\"MJ2 Artesanos\" \/>\n<meta property=\"article:published_time\" content=\"2013-07-09T19:59:56+00:00\" \/>\n<meta property=\"article:modified_time\" content=\"2025-09-22T10:39:44+00:00\" \/>\n<meta property=\"og:image\" content=\"https:\/\/www.mj2artesanos.es\/blog\/wp-content\/uploads\/2013\/07\/IMG_20110406_150438.jpg\" \/>\n\t<meta property=\"og:image:width\" content=\"2560\" \/>\n\t<meta property=\"og:image:height\" content=\"1920\" \/>\n\t<meta property=\"og:image:type\" content=\"image\/jpeg\" \/>\n<meta name=\"author\" content=\"Mj2\" \/>\n<meta name=\"twitter:card\" content=\"summary_large_image\" \/>\n<meta name=\"twitter:label1\" content=\"Escrito por\" \/>\n\t<meta name=\"twitter:data1\" content=\"Mj2\" \/>\n\t<meta name=\"twitter:label2\" content=\"Tiempo de lectura\" \/>\n\t<meta name=\"twitter:data2\" content=\"3 minutos\" \/>\n<script type=\"application\/ld+json\" class=\"yoast-schema-graph\">{\"@context\":\"https:\\\/\\\/schema.org\",\"@graph\":[{\"@type\":\"Article\",\"@id\":\"https:\\\/\\\/www.mj2artesanos.es\\\/blog\\\/vagones-de-tren-personalizados\\\/#article\",\"isPartOf\":{\"@id\":\"https:\\\/\\\/www.mj2artesanos.es\\\/blog\\\/vagones-de-tren-personalizados\\\/\"},\"author\":{\"name\":\"Mj2\",\"@id\":\"https:\\\/\\\/www.mj2artesanos.es\\\/blog\\\/#\\\/schema\\\/person\\\/d83d8b33e690d56625964d2da25dacbe\"},\"headline\":\"Vagones de tren personalizados.\",\"datePublished\":\"2013-07-09T19:59:56+00:00\",\"dateModified\":\"2025-09-22T10:39:44+00:00\",\"mainEntityOfPage\":{\"@id\":\"https:\\\/\\\/www.mj2artesanos.es\\\/blog\\\/vagones-de-tren-personalizados\\\/\"},\"wordCount\":718,\"commentCount\":0,\"publisher\":{\"@id\":\"https:\\\/\\\/www.mj2artesanos.es\\\/blog\\\/#organization\"},\"image\":{\"@id\":\"https:\\\/\\\/www.mj2artesanos.es\\\/blog\\\/vagones-de-tren-personalizados\\\/#primaryimage\"},\"thumbnailUrl\":\"https:\\\/\\\/www.mj2artesanos.es\\\/blog\\\/wp-content\\\/uploads\\\/2013\\\/07\\\/IMG_20110406_150438.jpg\",\"keywords\":[\"H0\",\"maquetas\",\"model\",\"railway\",\"stock cars\",\"trenes\",\"treyma\"],\"articleSection\":[\"Maquetas\",\"Personalizaci\u00f3n\"],\"inLanguage\":\"es\",\"potentialAction\":[{\"@type\":\"CommentAction\",\"name\":\"Comment\",\"target\":[\"https:\\\/\\\/www.mj2artesanos.es\\\/blog\\\/vagones-de-tren-personalizados\\\/#respond\"]}]},{\"@type\":\"WebPage\",\"@id\":\"https:\\\/\\\/www.mj2artesanos.es\\\/blog\\\/vagones-de-tren-personalizados\\\/\",\"url\":\"https:\\\/\\\/www.mj2artesanos.es\\\/blog\\\/vagones-de-tren-personalizados\\\/\",\"name\":\"[:es]Vagones de tren personalizados.[:en]Custom railway stock cars.[:] - MJ2 Artesanos\",\"isPartOf\":{\"@id\":\"https:\\\/\\\/www.mj2artesanos.es\\\/blog\\\/#website\"},\"primaryImageOfPage\":{\"@id\":\"https:\\\/\\\/www.mj2artesanos.es\\\/blog\\\/vagones-de-tren-personalizados\\\/#primaryimage\"},\"image\":{\"@id\":\"https:\\\/\\\/www.mj2artesanos.es\\\/blog\\\/vagones-de-tren-personalizados\\\/#primaryimage\"},\"thumbnailUrl\":\"https:\\\/\\\/www.mj2artesanos.es\\\/blog\\\/wp-content\\\/uploads\\\/2013\\\/07\\\/IMG_20110406_150438.jpg\",\"datePublished\":\"2013-07-09T19:59:56+00:00\",\"dateModified\":\"2025-09-22T10:39:44+00:00\",\"description\":\"Hoy vuelvo a hablar de nuestra \u00e9poca de maquetistas, pero esta vez de la segunda etapa, la de maquetistas de trenes en Trenes y Maquetas\",\"breadcrumb\":{\"@id\":\"https:\\\/\\\/www.mj2artesanos.es\\\/blog\\\/vagones-de-tren-personalizados\\\/#breadcrumb\"},\"inLanguage\":\"es\",\"potentialAction\":[{\"@type\":\"ReadAction\",\"target\":[\"https:\\\/\\\/www.mj2artesanos.es\\\/blog\\\/vagones-de-tren-personalizados\\\/\"]}]},{\"@type\":\"ImageObject\",\"inLanguage\":\"es\",\"@id\":\"https:\\\/\\\/www.mj2artesanos.es\\\/blog\\\/vagones-de-tren-personalizados\\\/#primaryimage\",\"url\":\"https:\\\/\\\/www.mj2artesanos.es\\\/blog\\\/wp-content\\\/uploads\\\/2013\\\/07\\\/IMG_20110406_150438.jpg\",\"contentUrl\":\"https:\\\/\\\/www.mj2artesanos.es\\\/blog\\\/wp-content\\\/uploads\\\/2013\\\/07\\\/IMG_20110406_150438.jpg\",\"width\":2560,\"height\":1920,\"caption\":\"Thor\"},{\"@type\":\"BreadcrumbList\",\"@id\":\"https:\\\/\\\/www.mj2artesanos.es\\\/blog\\\/vagones-de-tren-personalizados\\\/#breadcrumb\",\"itemListElement\":[{\"@type\":\"ListItem\",\"position\":1,\"name\":\"Portada\",\"item\":\"https:\\\/\\\/www.mj2artesanos.es\\\/blog\\\/\"},{\"@type\":\"ListItem\",\"position\":2,\"name\":\"Vagones de tren personalizados.\"}]},{\"@type\":\"WebSite\",\"@id\":\"https:\\\/\\\/www.mj2artesanos.es\\\/blog\\\/#website\",\"url\":\"https:\\\/\\\/www.mj2artesanos.es\\\/blog\\\/\",\"name\":\"[:es]MJ2 Artesanos[:]\",\"description\":\"R\u00e9plicas artesanales inspiradas en historia, arqueolog\u00eda y cine. Piezas hechas a mano para coleccionistas, recreaci\u00f3n y decoraci\u00f3n. Artesan\u00eda \u00fanica.\",\"publisher\":{\"@id\":\"https:\\\/\\\/www.mj2artesanos.es\\\/blog\\\/#organization\"},\"alternateName\":\"Mj2 Artesanos arte desde el taller\",\"potentialAction\":[{\"@type\":\"SearchAction\",\"target\":{\"@type\":\"EntryPoint\",\"urlTemplate\":\"https:\\\/\\\/www.mj2artesanos.es\\\/blog\\\/?s={search_term_string}\"},\"query-input\":{\"@type\":\"PropertyValueSpecification\",\"valueRequired\":true,\"valueName\":\"search_term_string\"}}],\"inLanguage\":\"es\"},{\"@type\":\"Organization\",\"@id\":\"https:\\\/\\\/www.mj2artesanos.es\\\/blog\\\/#organization\",\"name\":\"[:es]MJ2 Artesanos[:]\",\"alternateName\":\"Artesanos del tiempo\",\"url\":\"https:\\\/\\\/www.mj2artesanos.es\\\/blog\\\/\",\"logo\":{\"@type\":\"ImageObject\",\"inLanguage\":\"es\",\"@id\":\"https:\\\/\\\/www.mj2artesanos.es\\\/blog\\\/#\\\/schema\\\/logo\\\/image\\\/\",\"url\":\"https:\\\/\\\/www.mj2artesanos.es\\\/blog\\\/wp-content\\\/uploads\\\/2025\\\/05\\\/Logo-2025.png\",\"contentUrl\":\"https:\\\/\\\/www.mj2artesanos.es\\\/blog\\\/wp-content\\\/uploads\\\/2025\\\/05\\\/Logo-2025.png\",\"width\":150,\"height\":150,\"caption\":\"[:es]MJ2 Artesanos[:]\"},\"image\":{\"@id\":\"https:\\\/\\\/www.mj2artesanos.es\\\/blog\\\/#\\\/schema\\\/logo\\\/image\\\/\"}},{\"@type\":\"Person\",\"@id\":\"https:\\\/\\\/www.mj2artesanos.es\\\/blog\\\/#\\\/schema\\\/person\\\/d83d8b33e690d56625964d2da25dacbe\",\"name\":\"Mj2\",\"image\":{\"@type\":\"ImageObject\",\"inLanguage\":\"es\",\"@id\":\"https:\\\/\\\/secure.gravatar.com\\\/avatar\\\/9531ba13df63e2566b0071be36796c8f49b308e9397edd95b2818fa19deefeff?s=96&d=mm&r=g\",\"url\":\"https:\\\/\\\/secure.gravatar.com\\\/avatar\\\/9531ba13df63e2566b0071be36796c8f49b308e9397edd95b2818fa19deefeff?s=96&d=mm&r=g\",\"contentUrl\":\"https:\\\/\\\/secure.gravatar.com\\\/avatar\\\/9531ba13df63e2566b0071be36796c8f49b308e9397edd95b2818fa19deefeff?s=96&d=mm&r=g\",\"caption\":\"Mj2\"},\"sameAs\":[\"http:\\\/\\\/www.mj2artesanos.es\\\/tienda\"],\"url\":\"https:\\\/\\\/www.mj2artesanos.es\\\/blog\\\/author\\\/cedito\\\/\"}]}<\/script>\n<!-- \/ Yoast SEO plugin. -->","yoast_head_json":{"title":"[:es]Vagones de tren personalizados.[:en]Custom railway stock cars.[:] - MJ2 Artesanos","description":"Hoy vuelvo a hablar de nuestra \u00e9poca de maquetistas, pero esta vez de la segunda etapa, la de maquetistas de trenes en Trenes y Maquetas","robots":{"index":"index","follow":"follow","max-snippet":"max-snippet:-1","max-image-preview":"max-image-preview:large","max-video-preview":"max-video-preview:-1"},"canonical":"https:\/\/www.mj2artesanos.es\/blog\/vagones-de-tren-personalizados\/","og_locale":"es_ES","og_type":"article","og_title":"[:es]Vagones de tren personalizados.[:en]Custom railway stock cars.[:] - MJ2 Artesanos","og_description":"Hoy vuelvo a hablar de nuestra \u00e9poca de maquetistas, pero esta vez de la segunda etapa, la de maquetistas de trenes en Trenes y Maquetas","og_url":"https:\/\/www.mj2artesanos.es\/blog\/vagones-de-tren-personalizados\/","og_site_name":"MJ2 Artesanos","article_published_time":"2013-07-09T19:59:56+00:00","article_modified_time":"2025-09-22T10:39:44+00:00","og_image":[{"width":2560,"height":1920,"url":"https:\/\/www.mj2artesanos.es\/blog\/wp-content\/uploads\/2013\/07\/IMG_20110406_150438.jpg","type":"image\/jpeg"}],"author":"Mj2","twitter_card":"summary_large_image","twitter_misc":{"Escrito por":"Mj2","Tiempo de lectura":"3 minutos"},"schema":{"@context":"https:\/\/schema.org","@graph":[{"@type":"Article","@id":"https:\/\/www.mj2artesanos.es\/blog\/vagones-de-tren-personalizados\/#article","isPartOf":{"@id":"https:\/\/www.mj2artesanos.es\/blog\/vagones-de-tren-personalizados\/"},"author":{"name":"Mj2","@id":"https:\/\/www.mj2artesanos.es\/blog\/#\/schema\/person\/d83d8b33e690d56625964d2da25dacbe"},"headline":"Vagones de tren personalizados.","datePublished":"2013-07-09T19:59:56+00:00","dateModified":"2025-09-22T10:39:44+00:00","mainEntityOfPage":{"@id":"https:\/\/www.mj2artesanos.es\/blog\/vagones-de-tren-personalizados\/"},"wordCount":718,"commentCount":0,"publisher":{"@id":"https:\/\/www.mj2artesanos.es\/blog\/#organization"},"image":{"@id":"https:\/\/www.mj2artesanos.es\/blog\/vagones-de-tren-personalizados\/#primaryimage"},"thumbnailUrl":"https:\/\/www.mj2artesanos.es\/blog\/wp-content\/uploads\/2013\/07\/IMG_20110406_150438.jpg","keywords":["H0","maquetas","model","railway","stock cars","trenes","treyma"],"articleSection":["Maquetas","Personalizaci\u00f3n"],"inLanguage":"es","potentialAction":[{"@type":"CommentAction","name":"Comment","target":["https:\/\/www.mj2artesanos.es\/blog\/vagones-de-tren-personalizados\/#respond"]}]},{"@type":"WebPage","@id":"https:\/\/www.mj2artesanos.es\/blog\/vagones-de-tren-personalizados\/","url":"https:\/\/www.mj2artesanos.es\/blog\/vagones-de-tren-personalizados\/","name":"[:es]Vagones de tren personalizados.[:en]Custom railway stock cars.[:] - MJ2 Artesanos","isPartOf":{"@id":"https:\/\/www.mj2artesanos.es\/blog\/#website"},"primaryImageOfPage":{"@id":"https:\/\/www.mj2artesanos.es\/blog\/vagones-de-tren-personalizados\/#primaryimage"},"image":{"@id":"https:\/\/www.mj2artesanos.es\/blog\/vagones-de-tren-personalizados\/#primaryimage"},"thumbnailUrl":"https:\/\/www.mj2artesanos.es\/blog\/wp-content\/uploads\/2013\/07\/IMG_20110406_150438.jpg","datePublished":"2013-07-09T19:59:56+00:00","dateModified":"2025-09-22T10:39:44+00:00","description":"Hoy vuelvo a hablar de nuestra \u00e9poca de maquetistas, pero esta vez de la segunda etapa, la de maquetistas de trenes en Trenes y Maquetas","breadcrumb":{"@id":"https:\/\/www.mj2artesanos.es\/blog\/vagones-de-tren-personalizados\/#breadcrumb"},"inLanguage":"es","potentialAction":[{"@type":"ReadAction","target":["https:\/\/www.mj2artesanos.es\/blog\/vagones-de-tren-personalizados\/"]}]},{"@type":"ImageObject","inLanguage":"es","@id":"https:\/\/www.mj2artesanos.es\/blog\/vagones-de-tren-personalizados\/#primaryimage","url":"https:\/\/www.mj2artesanos.es\/blog\/wp-content\/uploads\/2013\/07\/IMG_20110406_150438.jpg","contentUrl":"https:\/\/www.mj2artesanos.es\/blog\/wp-content\/uploads\/2013\/07\/IMG_20110406_150438.jpg","width":2560,"height":1920,"caption":"Thor"},{"@type":"BreadcrumbList","@id":"https:\/\/www.mj2artesanos.es\/blog\/vagones-de-tren-personalizados\/#breadcrumb","itemListElement":[{"@type":"ListItem","position":1,"name":"Portada","item":"https:\/\/www.mj2artesanos.es\/blog\/"},{"@type":"ListItem","position":2,"name":"Vagones de tren personalizados."}]},{"@type":"WebSite","@id":"https:\/\/www.mj2artesanos.es\/blog\/#website","url":"https:\/\/www.mj2artesanos.es\/blog\/","name":"[:es]MJ2 Artesanos[:]","description":"R\u00e9plicas artesanales inspiradas en historia, arqueolog\u00eda y cine. Piezas hechas a mano para coleccionistas, recreaci\u00f3n y decoraci\u00f3n. Artesan\u00eda \u00fanica.","publisher":{"@id":"https:\/\/www.mj2artesanos.es\/blog\/#organization"},"alternateName":"Mj2 Artesanos arte desde el taller","potentialAction":[{"@type":"SearchAction","target":{"@type":"EntryPoint","urlTemplate":"https:\/\/www.mj2artesanos.es\/blog\/?s={search_term_string}"},"query-input":{"@type":"PropertyValueSpecification","valueRequired":true,"valueName":"search_term_string"}}],"inLanguage":"es"},{"@type":"Organization","@id":"https:\/\/www.mj2artesanos.es\/blog\/#organization","name":"[:es]MJ2 Artesanos[:]","alternateName":"Artesanos del tiempo","url":"https:\/\/www.mj2artesanos.es\/blog\/","logo":{"@type":"ImageObject","inLanguage":"es","@id":"https:\/\/www.mj2artesanos.es\/blog\/#\/schema\/logo\/image\/","url":"https:\/\/www.mj2artesanos.es\/blog\/wp-content\/uploads\/2025\/05\/Logo-2025.png","contentUrl":"https:\/\/www.mj2artesanos.es\/blog\/wp-content\/uploads\/2025\/05\/Logo-2025.png","width":150,"height":150,"caption":"[:es]MJ2 Artesanos[:]"},"image":{"@id":"https:\/\/www.mj2artesanos.es\/blog\/#\/schema\/logo\/image\/"}},{"@type":"Person","@id":"https:\/\/www.mj2artesanos.es\/blog\/#\/schema\/person\/d83d8b33e690d56625964d2da25dacbe","name":"Mj2","image":{"@type":"ImageObject","inLanguage":"es","@id":"https:\/\/secure.gravatar.com\/avatar\/9531ba13df63e2566b0071be36796c8f49b308e9397edd95b2818fa19deefeff?s=96&d=mm&r=g","url":"https:\/\/secure.gravatar.com\/avatar\/9531ba13df63e2566b0071be36796c8f49b308e9397edd95b2818fa19deefeff?s=96&d=mm&r=g","contentUrl":"https:\/\/secure.gravatar.com\/avatar\/9531ba13df63e2566b0071be36796c8f49b308e9397edd95b2818fa19deefeff?s=96&d=mm&r=g","caption":"Mj2"},"sameAs":["http:\/\/www.mj2artesanos.es\/tienda"],"url":"https:\/\/www.mj2artesanos.es\/blog\/author\/cedito\/"}]}},"author_meta":{"display_name":"Mj2","author_link":"https:\/\/www.mj2artesanos.es\/blog\/author\/cedito\/"},"featured_img":"https:\/\/www.mj2artesanos.es\/blog\/wp-content\/uploads\/2013\/07\/IMG_20110406_150438-300x225.jpg","coauthors":[],"tax_additional":{"categories":{"linked":["<a href=\"https:\/\/www.mj2artesanos.es\/blog\/category\/maquetas\/\" class=\"advgb-post-tax-term\">Maquetas<\/a>","<a href=\"https:\/\/www.mj2artesanos.es\/blog\/category\/personalizacion\/\" class=\"advgb-post-tax-term\">Personalizaci\u00f3n<\/a>"],"unlinked":["<span class=\"advgb-post-tax-term\">Maquetas<\/span>","<span class=\"advgb-post-tax-term\">Personalizaci\u00f3n<\/span>"]},"tags":{"linked":["<a href=\"https:\/\/www.mj2artesanos.es\/blog\/category\/personalizacion\/\" class=\"advgb-post-tax-term\">H0<\/a>","<a href=\"https:\/\/www.mj2artesanos.es\/blog\/category\/personalizacion\/\" class=\"advgb-post-tax-term\">maquetas<\/a>","<a href=\"https:\/\/www.mj2artesanos.es\/blog\/category\/personalizacion\/\" class=\"advgb-post-tax-term\">model<\/a>","<a href=\"https:\/\/www.mj2artesanos.es\/blog\/category\/personalizacion\/\" class=\"advgb-post-tax-term\">railway<\/a>","<a href=\"https:\/\/www.mj2artesanos.es\/blog\/category\/personalizacion\/\" class=\"advgb-post-tax-term\">stock cars<\/a>","<a href=\"https:\/\/www.mj2artesanos.es\/blog\/category\/personalizacion\/\" class=\"advgb-post-tax-term\">trenes<\/a>","<a href=\"https:\/\/www.mj2artesanos.es\/blog\/category\/personalizacion\/\" class=\"advgb-post-tax-term\">treyma<\/a>"],"unlinked":["<span class=\"advgb-post-tax-term\">H0<\/span>","<span class=\"advgb-post-tax-term\">maquetas<\/span>","<span class=\"advgb-post-tax-term\">model<\/span>","<span class=\"advgb-post-tax-term\">railway<\/span>","<span class=\"advgb-post-tax-term\">stock cars<\/span>","<span class=\"advgb-post-tax-term\">trenes<\/span>","<span class=\"advgb-post-tax-term\">treyma<\/span>"]}},"comment_count":"0","relative_dates":{"created":"Publicado 13 a\u00f1os hace","modified":"Actualizado 7 meses hace"},"absolute_dates":{"created":"Publicado el 9 julio, 2013","modified":"Actualizado el 22 septiembre, 2025"},"absolute_dates_time":{"created":"Publicado el 9 julio, 2013 20:59","modified":"Actualizado el 22 septiembre, 2025 11:39"},"featured_img_caption":"Thor","series_order":"","_links":{"self":[{"href":"https:\/\/www.mj2artesanos.es\/blog\/wp-json\/wp\/v2\/posts\/902","targetHints":{"allow":["GET"]}}],"collection":[{"href":"https:\/\/www.mj2artesanos.es\/blog\/wp-json\/wp\/v2\/posts"}],"about":[{"href":"https:\/\/www.mj2artesanos.es\/blog\/wp-json\/wp\/v2\/types\/post"}],"author":[{"embeddable":true,"href":"https:\/\/www.mj2artesanos.es\/blog\/wp-json\/wp\/v2\/users\/1"}],"replies":[{"embeddable":true,"href":"https:\/\/www.mj2artesanos.es\/blog\/wp-json\/wp\/v2\/comments?post=902"}],"version-history":[{"count":0,"href":"https:\/\/www.mj2artesanos.es\/blog\/wp-json\/wp\/v2\/posts\/902\/revisions"}],"wp:featuredmedia":[{"embeddable":true,"href":"https:\/\/www.mj2artesanos.es\/blog\/wp-json\/wp\/v2\/media\/917"}],"wp:attachment":[{"href":"https:\/\/www.mj2artesanos.es\/blog\/wp-json\/wp\/v2\/media?parent=902"}],"wp:term":[{"taxonomy":"category","embeddable":true,"href":"https:\/\/www.mj2artesanos.es\/blog\/wp-json\/wp\/v2\/categories?post=902"},{"taxonomy":"post_tag","embeddable":true,"href":"https:\/\/www.mj2artesanos.es\/blog\/wp-json\/wp\/v2\/tags?post=902"}],"curies":[{"name":"wp","href":"https:\/\/api.w.org\/{rel}","templated":true}]}}